{"id":18540,"date":"2020-10-05T20:29:05","date_gmt":"2020-10-05T20:29:05","guid":{"rendered":"https:\/\/blogdorogeriogomes.com.br\/?p=18540"},"modified":"2020-10-06T18:32:50","modified_gmt":"2020-10-06T18:32:50","slug":"candidatos-se-comprometem-a-resolver-situacao-das-barracas-na-praia-do-futuro","status":"publish","type":"post","link":"https:\/\/blogdorogeriogomes.com.br\/noticias\/2020\/10\/candidatos-se-comprometem-a-resolver-situacao-das-barracas-na-praia-do-futuro\/","title":{"rendered":"Candidatos se comprometem a resolver situa\u00e7\u00e3o das barracas na Praia do Futuro"},"content":{"rendered":"\n<p>As indefini\u00e7\u00f5es e os imbr\u00f3glios que envolvem a perman\u00eancia ou remo\u00e7\u00e3o de barracas sem registro na Praia do Futuro foram tema de di\u00e1logo dos candiatos Jos\u00e9 Sarto (PDT) e Capit\u00e3o Wagner (Pros) com comerciantes do local. Os prefeitur\u00e1veis realizaram, no \u00faltimo domingo, dia 4 de outubro, agenda eleitoral na localidade de maior fluxo na Capital durante o fim de semana.<\/p>\n\n\n\n<p>Sarto defendeu que a gest\u00e3o municipal j\u00e1 trabalha por resolu\u00e7\u00e3o de problemas mais complexos no litoral fortalezense e que, caso seja eleito, resolver\u00e1 a quest\u00e3o das barracas com &#8220;bom senso&#8221; para que se garanta o desenvolvimento.<\/p>\n\n\n\n<p>Wagner investiu sua fala em alertar sobre a import\u00e2ncia das barracas para a economia da cidade e o fortalecimento do turismo. O prefeitur\u00e1vel disse que ir\u00e1 defender a manuten\u00e7\u00e3o dos empreendimentos e assegurar os &#8220;milhares de empregos diretos e indiretos&#8221;.<\/p>\n\n\n\n<figure class=\"wp-block-image size-large\"><img loading=\"lazy\" decoding=\"async\" width=\"696\" height=\"441\" src=\"https:\/\/blogdorogeriogomes.com.br\/wp-content\/uploads\/2020\/10\/images-9.jpeg\" alt=\"\" class=\"wp-image-18541\" srcset=\"https:\/\/blogdorogeriogomes.com.br\/noticias\/wp-content\/uploads\/2020\/10\/images-9.jpeg 696w, https:\/\/blogdorogeriogomes.com.br\/noticias\/wp-content\/uploads\/2020\/10\/images-9-300x190.jpeg 300w, https:\/\/blogdorogeriogomes.com.br\/noticias\/wp-content\/uploads\/2020\/10\/images-9-320x202.jpeg 320w\" sizes=\"auto, (max-width: 696px) 100vw, 696px\" \/><\/figure>\n","protected":false},"excerpt":{"rendered":"<p>As indefini\u00e7\u00f5es e os imbr\u00f3glios que envolvem a perman\u00eancia ou remo\u00e7\u00e3o de barracas sem registro na Praia do Futuro foram tema de di\u00e1logo dos candiatos Jos\u00e9 Sarto (PDT) e Capit\u00e3o Wagner (Pros) com comerciantes do local. Os prefeitur\u00e1veis realizaram, no \u00faltimo domingo, dia 4 de outubro, agenda eleitoral na localidade de maior fluxo na Capital durante o fim de semana. Sarto defendeu que a gest\u00e3o municipal j\u00e1 trabalha por resolu\u00e7\u00e3o de problemas mais complexos no litoral fortalezense e que,&hellip;<\/p>\n","protected":false},"author":1,"featured_media":18541,"comment_status":"open","ping_status":"open","sticky":false,"template":"","format":"standard","meta":{"footnotes":""},"categories":[1],"tags":[],"class_list":["post-18540","post","type-post","status-publish","format-standard","has-post-thumbnail","hentry","category-noticias"],"_links":{"self":[{"href":"https:\/\/blogdorogeriogomes.com.br\/noticias\/wp-json\/wp\/v2\/posts\/18540","targetHints":{"allow":["GET"]}}],"collection":[{"href":"https:\/\/blogdorogeriogomes.com.br\/noticias\/wp-json\/wp\/v2\/posts"}],"about":[{"href":"https:\/\/blogdorogeriogomes.com.br\/noticias\/wp-json\/wp\/v2\/types\/post"}],"author":[{"embeddable":true,"href":"https:\/\/blogdorogeriogomes.com.br\/noticias\/wp-json\/wp\/v2\/users\/1"}],"replies":[{"embeddable":true,"href":"https:\/\/blogdorogeriogomes.com.br\/noticias\/wp-json\/wp\/v2\/comments?post=18540"}],"version-history":[{"count":1,"href":"https:\/\/blogdorogeriogomes.com.br\/noticias\/wp-json\/wp\/v2\/posts\/18540\/revisions"}],"predecessor-version":[{"id":18542,"href":"https:\/\/blogdorogeriogomes.com.br\/noticias\/wp-json\/wp\/v2\/posts\/18540\/revisions\/18542"}],"wp:featuredmedia":[{"embeddable":true,"href":"https:\/\/blogdorogeriogomes.com.br\/noticias\/wp-json\/wp\/v2\/media\/18541"}],"wp:attachment":[{"href":"https:\/\/blogdorogeriogomes.com.br\/noticias\/wp-json\/wp\/v2\/media?parent=18540"}],"wp:term":[{"taxonomy":"category","embeddable":true,"href":"https:\/\/blogdorogeriogomes.com.br\/noticias\/wp-json\/wp\/v2\/categories?post=18540"},{"taxonomy":"post_tag","embeddable":true,"href":"https:\/\/blogdorogeriogomes.com.br\/noticias\/wp-json\/wp\/v2\/tags?post=18540"}],"curies":[{"name":"wp","href":"https:\/\/api.w.org\/{rel}","templated":true}]}}