{"id":18543,"date":"2020-10-06T09:15:59","date_gmt":"2020-10-06T09:15:59","guid":{"rendered":"https:\/\/blogdorogeriogomes.com.br\/?p=18543"},"modified":"2020-10-06T18:32:41","modified_gmt":"2020-10-06T18:32:41","slug":"jose-sarto-do-pdt-e-diagnosticado-com-covid-19-e-mantera-campanha-de-forma-virtual","status":"publish","type":"post","link":"https:\/\/blogdorogeriogomes.com.br\/noticias\/2020\/10\/jose-sarto-do-pdt-e-diagnosticado-com-covid-19-e-mantera-campanha-de-forma-virtual\/","title":{"rendered":"Jos\u00e9 Sarto, do PDT, \u00e9 diagnosticado com Covid-19 e manter\u00e1 campanha de forma virtual"},"content":{"rendered":"\n<p>A Covid-19 fez mais uma v\u00edtima no meio pol\u00edtico cearense. Apesar de ter tomado todos os cuidados e de ter seguido os protocolos exigidos pelas autoridades sanit\u00e1rias, o candidato do PDT \u00e0 Prefeitura de Fortaleza, Jos\u00e9 Sarto Nogueira, teve sintomas leves de gripe, fez o exame e testou positivo para covid-19 nesta segunda-feira, dia 5 de outubro.<br>Segundo a assessoria do candidato, Jos\u00e9 Sarto est\u00e1 bem, tem acompanhamento m\u00e9dico e manter\u00e1 o isolamento social, cancelando todas as suas agendas externas de campanha eleitoral, que seguir\u00e1 de forma virtual.<\/p>\n\n\n\n<p>A campanha eleitoral nas ruas, iniciada no fim de setembro, tem trazido preocupa\u00e7\u00e3o \u00e0s autoridades de sa\u00fade em todos os munic\u00edpios do Cear\u00e1. Em algumas cidades, candidatos a prefeito e a vereador t\u00eam descumprido as normas sanit\u00e1rias. No Estado, j\u00e1 s\u00e3o 243 mil pessoas contaminadas com o coronav\u00edrus.<\/p>\n\n\n\n<figure class=\"wp-block-image size-large\"><img loading=\"lazy\" decoding=\"async\" width=\"1024\" height=\"682\" src=\"https:\/\/blogdorogeriogomes.com.br\/wp-content\/uploads\/2020\/10\/IMG-20201004-WA0069-1024x682.jpg\" alt=\"\" class=\"wp-image-18544\" srcset=\"https:\/\/blogdorogeriogomes.com.br\/noticias\/wp-content\/uploads\/2020\/10\/IMG-20201004-WA0069-1024x682.jpg 1024w, https:\/\/blogdorogeriogomes.com.br\/noticias\/wp-content\/uploads\/2020\/10\/IMG-20201004-WA0069-300x200.jpg 300w, https:\/\/blogdorogeriogomes.com.br\/noticias\/wp-content\/uploads\/2020\/10\/IMG-20201004-WA0069-768x512.jpg 768w, https:\/\/blogdorogeriogomes.com.br\/noticias\/wp-content\/uploads\/2020\/10\/IMG-20201004-WA0069-800x533.jpg 800w, https:\/\/blogdorogeriogomes.com.br\/noticias\/wp-content\/uploads\/2020\/10\/IMG-20201004-WA0069.jpg 1280w\" sizes=\"auto, (max-width: 1024px) 100vw, 1024px\" \/><\/figure>\n","protected":false},"excerpt":{"rendered":"<p>A Covid-19 fez mais uma v\u00edtima no meio pol\u00edtico cearense. Apesar de ter tomado todos os cuidados e de ter seguido os protocolos exigidos pelas autoridades sanit\u00e1rias, o candidato do PDT \u00e0 Prefeitura de Fortaleza, Jos\u00e9 Sarto Nogueira, teve sintomas leves de gripe, fez o exame e testou positivo para covid-19 nesta segunda-feira, dia 5 de outubro.Segundo a assessoria do candidato, Jos\u00e9 Sarto est\u00e1 bem, tem acompanhamento m\u00e9dico e manter\u00e1 o isolamento social, cancelando todas as suas agendas externas&hellip;<\/p>\n","protected":false},"author":1,"featured_media":18544,"comment_status":"open","ping_status":"open","sticky":false,"template":"","format":"standard","meta":{"footnotes":""},"categories":[1],"tags":[],"class_list":["post-18543","post","type-post","status-publish","format-standard","has-post-thumbnail","hentry","category-noticias"],"_links":{"self":[{"href":"https:\/\/blogdorogeriogomes.com.br\/noticias\/wp-json\/wp\/v2\/posts\/18543","targetHints":{"allow":["GET"]}}],"collection":[{"href":"https:\/\/blogdorogeriogomes.com.br\/noticias\/wp-json\/wp\/v2\/posts"}],"about":[{"href":"https:\/\/blogdorogeriogomes.com.br\/noticias\/wp-json\/wp\/v2\/types\/post"}],"author":[{"embeddable":true,"href":"https:\/\/blogdorogeriogomes.com.br\/noticias\/wp-json\/wp\/v2\/users\/1"}],"replies":[{"embeddable":true,"href":"https:\/\/blogdorogeriogomes.com.br\/noticias\/wp-json\/wp\/v2\/comments?post=18543"}],"version-history":[{"count":1,"href":"https:\/\/blogdorogeriogomes.com.br\/noticias\/wp-json\/wp\/v2\/posts\/18543\/revisions"}],"predecessor-version":[{"id":18545,"href":"https:\/\/blogdorogeriogomes.com.br\/noticias\/wp-json\/wp\/v2\/posts\/18543\/revisions\/18545"}],"wp:featuredmedia":[{"embeddable":true,"href":"https:\/\/blogdorogeriogomes.com.br\/noticias\/wp-json\/wp\/v2\/media\/18544"}],"wp:attachment":[{"href":"https:\/\/blogdorogeriogomes.com.br\/noticias\/wp-json\/wp\/v2\/media?parent=18543"}],"wp:term":[{"taxonomy":"category","embeddable":true,"href":"https:\/\/blogdorogeriogomes.com.br\/noticias\/wp-json\/wp\/v2\/categories?post=18543"},{"taxonomy":"post_tag","embeddable":true,"href":"https:\/\/blogdorogeriogomes.com.br\/noticias\/wp-json\/wp\/v2\/tags?post=18543"}],"curies":[{"name":"wp","href":"https:\/\/api.w.org\/{rel}","templated":true}]}}