{"id":18549,"date":"2020-10-06T19:09:25","date_gmt":"2020-10-06T19:09:25","guid":{"rendered":"https:\/\/blogdorogeriogomes.com.br\/?p=18549"},"modified":"2020-10-08T21:37:51","modified_gmt":"2020-10-08T21:37:51","slug":"apoio-do-governador-camilo-santana-tambem-e-disputado-em-cidades-na-regiao-metropolitana-de-fortaleza","status":"publish","type":"post","link":"https:\/\/blogdorogeriogomes.com.br\/noticias\/2020\/10\/apoio-do-governador-camilo-santana-tambem-e-disputado-em-cidades-na-regiao-metropolitana-de-fortaleza\/","title":{"rendered":"Apoio do governador Camilo Santana tamb\u00e9m \u00e9 disputado em cidades na Regi\u00e3o Metropolitana de Fortaleza"},"content":{"rendered":"\n<p>A imagem do governador Camilo Santana \u00e9 centro de disputas para al\u00e9m do pleito eleitoral em Fortaleza. Na Regi\u00e3o Metropolitana, por exemplo, postulantes ao cargo de prefeito de Caucaia e Maracana\u00fa buscam associar suas candidaturas ao chefe executivo do Estado.<\/p>\n\n\n\n<p>Em Caucaia, munic\u00edpio mais populoso da RMF, o candidato \u00e0 reelei\u00e7\u00e3o Naumi Amorim (PSD) e Elmano de Freitas (PT), ambos na foto, tentam vincular \u00e0s suas respectivas campanhas o apoio de Camilo Santana. Petista, apenas Elmano tem a permiss\u00e3o legal para utilizar a associa\u00e7\u00e3o ao governador. Contudo, Naumi investe na publicidade da parceria do Governo do Cear\u00e1 com a sua gest\u00e3o em Caucaia.<\/p>\n\n\n\n<p>A imagem dos Ferreira Gomes tamb\u00e9m se divide entre as duas for\u00e7as na disputa em Caucaia. Enquanto Elmano tem o apoio de Ciro Gomes, Naumi aposta na alian\u00e7a com o senador Cid Gomes.<\/p>\n\n\n\n<p>Nas elei\u00e7\u00f5es de Maracana\u00fa, o candidato J\u00falio C\u00e9sar Filho (Cidadania) registrou seu nome de campanha como &#8220;Julinho l\u00edder do Camilo&#8221;, referindo-se ao seu papel enquanto l\u00edder de governo na Assembleia Legislativa do Cear\u00e1. O Minist\u00e9rio P\u00fablico Eleitoral questionou a campanha do prefeitur\u00e1vel por se remeter diretamente \u00e0s estruturas do poder do Estado, causando desequil\u00edbrio na disputa. J\u00falio C\u00e9sar encontra-se licenciado do cargo de deputado estadual e afirmou que ir\u00e1 acionar a equipe jur\u00eddica para se defender.<\/p>\n\n\n\n<p>Nesta ter\u00e7a-feira, dia 6 de outubro, a primeira-dama do Governo do Cear\u00e1, On\u00e9lia Santana, divulgou que obteve teste positivo para o Covid-19. O governador Camilo Santana assegurou que tamb\u00e9m foi submetido ao teste, mas o seu deu negativo.<\/p>\n\n\n\n<figure class=\"wp-block-image size-large\"><img loading=\"lazy\" decoding=\"async\" width=\"1024\" height=\"1024\" src=\"https:\/\/blogdorogeriogomes.com.br\/wp-content\/uploads\/2020\/10\/IMG-20201006-WA0072-1024x1024.jpg\" alt=\"\" class=\"wp-image-18550\" srcset=\"https:\/\/blogdorogeriogomes.com.br\/noticias\/wp-content\/uploads\/2020\/10\/IMG-20201006-WA0072-1024x1024.jpg 1024w, https:\/\/blogdorogeriogomes.com.br\/noticias\/wp-content\/uploads\/2020\/10\/IMG-20201006-WA0072-300x300.jpg 300w, https:\/\/blogdorogeriogomes.com.br\/noticias\/wp-content\/uploads\/2020\/10\/IMG-20201006-WA0072-150x150.jpg 150w, https:\/\/blogdorogeriogomes.com.br\/noticias\/wp-content\/uploads\/2020\/10\/IMG-20201006-WA0072-768x768.jpg 768w, https:\/\/blogdorogeriogomes.com.br\/noticias\/wp-content\/uploads\/2020\/10\/IMG-20201006-WA0072-800x800.jpg 800w, https:\/\/blogdorogeriogomes.com.br\/noticias\/wp-content\/uploads\/2020\/10\/IMG-20201006-WA0072-250x250.jpg 250w, https:\/\/blogdorogeriogomes.com.br\/noticias\/wp-content\/uploads\/2020\/10\/IMG-20201006-WA0072.jpg 1280w\" sizes=\"auto, (max-width: 1024px) 100vw, 1024px\" \/><\/figure>\n","protected":false},"excerpt":{"rendered":"<p>A imagem do governador Camilo Santana \u00e9 centro de disputas para al\u00e9m do pleito eleitoral em Fortaleza. Na Regi\u00e3o Metropolitana, por exemplo, postulantes ao cargo de prefeito de Caucaia e Maracana\u00fa buscam associar suas candidaturas ao chefe executivo do Estado. Em Caucaia, munic\u00edpio mais populoso da RMF, o candidato \u00e0 reelei\u00e7\u00e3o Naumi Amorim (PSD) e Elmano de Freitas (PT), ambos na foto, tentam vincular \u00e0s suas respectivas campanhas o apoio de Camilo Santana. Petista, apenas Elmano tem a permiss\u00e3o&hellip;<\/p>\n","protected":false},"author":1,"featured_media":18550,"comment_status":"open","ping_status":"open","sticky":false,"template":"","format":"standard","meta":{"footnotes":""},"categories":[1],"tags":[],"class_list":["post-18549","post","type-post","status-publish","format-standard","has-post-thumbnail","hentry","category-noticias"],"_links":{"self":[{"href":"https:\/\/blogdorogeriogomes.com.br\/noticias\/wp-json\/wp\/v2\/posts\/18549","targetHints":{"allow":["GET"]}}],"collection":[{"href":"https:\/\/blogdorogeriogomes.com.br\/noticias\/wp-json\/wp\/v2\/posts"}],"about":[{"href":"https:\/\/blogdorogeriogomes.com.br\/noticias\/wp-json\/wp\/v2\/types\/post"}],"author":[{"embeddable":true,"href":"https:\/\/blogdorogeriogomes.com.br\/noticias\/wp-json\/wp\/v2\/users\/1"}],"replies":[{"embeddable":true,"href":"https:\/\/blogdorogeriogomes.com.br\/noticias\/wp-json\/wp\/v2\/comments?post=18549"}],"version-history":[{"count":1,"href":"https:\/\/blogdorogeriogomes.com.br\/noticias\/wp-json\/wp\/v2\/posts\/18549\/revisions"}],"predecessor-version":[{"id":18551,"href":"https:\/\/blogdorogeriogomes.com.br\/noticias\/wp-json\/wp\/v2\/posts\/18549\/revisions\/18551"}],"wp:featuredmedia":[{"embeddable":true,"href":"https:\/\/blogdorogeriogomes.com.br\/noticias\/wp-json\/wp\/v2\/media\/18550"}],"wp:attachment":[{"href":"https:\/\/blogdorogeriogomes.com.br\/noticias\/wp-json\/wp\/v2\/media?parent=18549"}],"wp:term":[{"taxonomy":"category","embeddable":true,"href":"https:\/\/blogdorogeriogomes.com.br\/noticias\/wp-json\/wp\/v2\/categories?post=18549"},{"taxonomy":"post_tag","embeddable":true,"href":"https:\/\/blogdorogeriogomes.com.br\/noticias\/wp-json\/wp\/v2\/tags?post=18549"}],"curies":[{"name":"wp","href":"https:\/\/api.w.org\/{rel}","templated":true}]}}