{"id":18561,"date":"2020-10-07T09:46:02","date_gmt":"2020-10-07T09:46:02","guid":{"rendered":"https:\/\/blogdorogeriogomes.com.br\/?p=18561"},"modified":"2020-10-08T21:36:21","modified_gmt":"2020-10-08T21:36:21","slug":"prefeito-roberto-claudio-assume-campanha-de-sarto-nas-ruas-e-luizianne-propoe-frente-anti-bolsonarista","status":"publish","type":"post","link":"https:\/\/blogdorogeriogomes.com.br\/noticias\/2020\/10\/prefeito-roberto-claudio-assume-campanha-de-sarto-nas-ruas-e-luizianne-propoe-frente-anti-bolsonarista\/","title":{"rendered":"Prefeito Roberto Cl\u00e1udio assume campanha de Sarto nas ruas e Luizianne prop\u00f5e frente anti bolsonarista"},"content":{"rendered":"\n<p>Ap\u00f3s o candidato do PDT, Jos\u00e9 Sarto, ser diagnosticado com a Covid-19 e ter que ficar com atividades remotas na campanha eleitoral, o prefeito de Fortaleza, Roberto Cl\u00e1udio, manteve as atividades de rua em busca de votos para a candidatura pedetista. Nesta ter\u00e7a-feira, dia 6 de outubro, ele participou de uma carreata pelo Conjunto Palmeiras.<\/p>\n\n\n\n<figure class=\"wp-block-image size-large\"><img loading=\"lazy\" decoding=\"async\" width=\"1024\" height=\"682\" src=\"https:\/\/blogdorogeriogomes.com.br\/wp-content\/uploads\/2020\/10\/IMG-20201006-WA0115-1024x682.jpg\" alt=\"\" class=\"wp-image-18563\" srcset=\"https:\/\/blogdorogeriogomes.com.br\/noticias\/wp-content\/uploads\/2020\/10\/IMG-20201006-WA0115-1024x682.jpg 1024w, https:\/\/blogdorogeriogomes.com.br\/noticias\/wp-content\/uploads\/2020\/10\/IMG-20201006-WA0115-300x200.jpg 300w, https:\/\/blogdorogeriogomes.com.br\/noticias\/wp-content\/uploads\/2020\/10\/IMG-20201006-WA0115-768x512.jpg 768w, https:\/\/blogdorogeriogomes.com.br\/noticias\/wp-content\/uploads\/2020\/10\/IMG-20201006-WA0115-800x533.jpg 800w, https:\/\/blogdorogeriogomes.com.br\/noticias\/wp-content\/uploads\/2020\/10\/IMG-20201006-WA0115.jpg 1280w\" sizes=\"auto, (max-width: 1024px) 100vw, 1024px\" \/><\/figure>\n\n\n\n<p>J\u00e1 a candidata do PT \u00e0 Prefeitura de Fortaleza, Luizianne Lins, participou de reuni\u00e3o com representantes de 50 sindicatos&nbsp;do interior e da capital. No encontro,&nbsp;ela refor\u00e7ou a necessidade de engajamento das trabalhadoras e trabalhadores na constru\u00e7\u00e3o de uma frente antibolsonarista.<\/p>\n\n\n\n<p>\u201cA gente quer ser uma refer\u00eancia no Brasil. E, para isso, vamos fazer pol\u00edtica&nbsp;de distribui\u00e7\u00e3o de renda, de gera\u00e7\u00e3o de emprego, cooperativismo, frentes de trabalho, frentes da economia&nbsp;criativa. N\u00f3s vamos ter que nos reinventar e encontrar solu\u00e7\u00f5es criativas para sair da crise\u201d, explicou a candidata do PT.<\/p>\n\n\n\n<figure class=\"wp-block-image size-large\"><img loading=\"lazy\" decoding=\"async\" width=\"750\" height=\"440\" src=\"https:\/\/blogdorogeriogomes.com.br\/wp-content\/uploads\/2020\/10\/luziannelins-prefeitura-fortaleza-divulgaccca7acc83o-1-750x440-1.jpg\" alt=\"\" class=\"wp-image-18562\" srcset=\"https:\/\/blogdorogeriogomes.com.br\/noticias\/wp-content\/uploads\/2020\/10\/luziannelins-prefeitura-fortaleza-divulgaccca7acc83o-1-750x440-1.jpg 750w, https:\/\/blogdorogeriogomes.com.br\/noticias\/wp-content\/uploads\/2020\/10\/luziannelins-prefeitura-fortaleza-divulgaccca7acc83o-1-750x440-1-300x176.jpg 300w\" sizes=\"auto, (max-width: 750px) 100vw, 750px\" \/><\/figure>\n\n\n\n<p><\/p>\n","protected":false},"excerpt":{"rendered":"<p>Ap\u00f3s o candidato do PDT, Jos\u00e9 Sarto, ser diagnosticado com a Covid-19 e ter que ficar com atividades remotas na campanha eleitoral, o prefeito de Fortaleza, Roberto Cl\u00e1udio, manteve as atividades de rua em busca de votos para a candidatura pedetista. Nesta ter\u00e7a-feira, dia 6 de outubro, ele participou de uma carreata pelo Conjunto Palmeiras. J\u00e1 a candidata do PT \u00e0 Prefeitura de Fortaleza, Luizianne Lins, participou de reuni\u00e3o com representantes de 50 sindicatos&nbsp;do interior e da capital. No&hellip;<\/p>\n","protected":false},"author":1,"featured_media":18563,"comment_status":"open","ping_status":"open","sticky":false,"template":"","format":"standard","meta":{"footnotes":""},"categories":[1],"tags":[],"class_list":["post-18561","post","type-post","status-publish","format-standard","has-post-thumbnail","hentry","category-noticias"],"_links":{"self":[{"href":"https:\/\/blogdorogeriogomes.com.br\/noticias\/wp-json\/wp\/v2\/posts\/18561","targetHints":{"allow":["GET"]}}],"collection":[{"href":"https:\/\/blogdorogeriogomes.com.br\/noticias\/wp-json\/wp\/v2\/posts"}],"about":[{"href":"https:\/\/blogdorogeriogomes.com.br\/noticias\/wp-json\/wp\/v2\/types\/post"}],"author":[{"embeddable":true,"href":"https:\/\/blogdorogeriogomes.com.br\/noticias\/wp-json\/wp\/v2\/users\/1"}],"replies":[{"embeddable":true,"href":"https:\/\/blogdorogeriogomes.com.br\/noticias\/wp-json\/wp\/v2\/comments?post=18561"}],"version-history":[{"count":2,"href":"https:\/\/blogdorogeriogomes.com.br\/noticias\/wp-json\/wp\/v2\/posts\/18561\/revisions"}],"predecessor-version":[{"id":18588,"href":"https:\/\/blogdorogeriogomes.com.br\/noticias\/wp-json\/wp\/v2\/posts\/18561\/revisions\/18588"}],"wp:featuredmedia":[{"embeddable":true,"href":"https:\/\/blogdorogeriogomes.com.br\/noticias\/wp-json\/wp\/v2\/media\/18563"}],"wp:attachment":[{"href":"https:\/\/blogdorogeriogomes.com.br\/noticias\/wp-json\/wp\/v2\/media?parent=18561"}],"wp:term":[{"taxonomy":"category","embeddable":true,"href":"https:\/\/blogdorogeriogomes.com.br\/noticias\/wp-json\/wp\/v2\/categories?post=18561"},{"taxonomy":"post_tag","embeddable":true,"href":"https:\/\/blogdorogeriogomes.com.br\/noticias\/wp-json\/wp\/v2\/tags?post=18561"}],"curies":[{"name":"wp","href":"https:\/\/api.w.org\/{rel}","templated":true}]}}