{"id":18565,"date":"2020-10-07T17:34:17","date_gmt":"2020-10-07T17:34:17","guid":{"rendered":"https:\/\/blogdorogeriogomes.com.br\/?p=18565"},"modified":"2020-10-08T21:36:09","modified_gmt":"2020-10-08T21:36:09","slug":"candidatos-em-fortaleza-prometem-programas-focados-em-suas-proprias-propostas-no-horario-eleitoral-do-radio-e-tv","status":"publish","type":"post","link":"https:\/\/blogdorogeriogomes.com.br\/noticias\/2020\/10\/candidatos-em-fortaleza-prometem-programas-focados-em-suas-proprias-propostas-no-horario-eleitoral-do-radio-e-tv\/","title":{"rendered":"Candidatos em Fortaleza prometem programas focados em suas pr\u00f3prias propostas no hor\u00e1rio eleitoral do R\u00e1dio e TV"},"content":{"rendered":"\n<p>Sem espa\u00e7o para ataques a advers\u00e1rios e foco total na defesa do pr\u00f3prio projeto pol\u00edtico para a cidade. Pelo menos para o in\u00edcio do hor\u00e1rio eleitoral gratuito, nesta sexta-feira, dia 9 de outubro, \u00e9 o que prometem os candidatos \u00e0 Prefeitura de Fortaleza. Com a campanha curta e agravada pela situa\u00e7\u00e3o da pandemia do Covid-19, ambos revelam que a estrat\u00e9gia \u00e9 tentar aproveitar ao m\u00e1ximo o tempo em r\u00e1dio e TV para autopromo\u00e7\u00e3o das candidaturas.<\/p>\n\n\n\n<p>Dono do maior tempo nas m\u00eddias, com quatro minutos, Sarto afirma que os primeiros programas de sua coliga\u00e7\u00e3o ser\u00e3o para torn\u00e1-lo uma figura mais conhecida pela popula\u00e7\u00e3o da Capital, visto que nunca antes foi candidato majorit\u00e1rio. Com apelo ao curr\u00edculo como m\u00e9dico, imagem de pai de fam\u00edlia e parceiro de Cid Gomes, Ciro Gomes e Roberto Cl\u00e1udio, Sarto ter\u00e1 tempo o suficiente para explorar bem esta proposta.<\/p>\n\n\n\n<p>J\u00e1 Capit\u00e3o Wagner disse que espera come\u00e7ar a campanha na televis\u00e3o e no r\u00e1dio de forma mais leve e sem a dureza de ataques. O prefeitur\u00e1vel e opositor da atual gest\u00e3o municipal garante que orientou a sua equipe de comunica\u00e7\u00e3o para focar todo o programa, de um minuto e meio, em apresenta\u00e7\u00e3o de propostas, sem nenhum segundo voltado ao ataque a advers\u00e1rios.<\/p>\n\n\n\n<p>Com 30 segundos a menos de espa\u00e7o a menos do que Wagner, Luizianne Lins (PT) tamb\u00e9m sinaliza para um programa voltado a destacar pontos positivos de seus dois mandatos quanto esteve \u00e0 frente da Prefeitura de Fortaleza, al\u00e9m da promesa de ampla parceria com o governador Camilo Santana.<\/p>\n\n\n\n<p>Heitor Ferrer (SD) e Heitor Freire (PSL) devem fazer contraponto a quest\u00f5es econ\u00f4micas e sociais de Fortaleza, para refor\u00e7ar a propaganda de seus programas de governo. Renato Roseno (PSOL), Anizio Melo (PCdoB), Samuel Braga (Patriota)&nbsp; e C\u00e9lio Studart (PV) ter\u00e3o espa\u00e7o breve demais para ir al\u00e9m de curtas apresenta\u00e7\u00f5es de seus projetos.<\/p>\n\n\n\n<figure class=\"wp-block-image size-large\"><img loading=\"lazy\" decoding=\"async\" width=\"600\" height=\"400\" src=\"https:\/\/blogdorogeriogomes.com.br\/wp-content\/uploads\/2020\/10\/images-13.jpeg\" alt=\"\" class=\"wp-image-18566\" srcset=\"https:\/\/blogdorogeriogomes.com.br\/noticias\/wp-content\/uploads\/2020\/10\/images-13.jpeg 600w, https:\/\/blogdorogeriogomes.com.br\/noticias\/wp-content\/uploads\/2020\/10\/images-13-300x200.jpeg 300w\" sizes=\"auto, (max-width: 600px) 100vw, 600px\" \/><\/figure>\n","protected":false},"excerpt":{"rendered":"<p>Sem espa\u00e7o para ataques a advers\u00e1rios e foco total na defesa do pr\u00f3prio projeto pol\u00edtico para a cidade. Pelo menos para o in\u00edcio do hor\u00e1rio eleitoral gratuito, nesta sexta-feira, dia 9 de outubro, \u00e9 o que prometem os candidatos \u00e0 Prefeitura de Fortaleza. Com a campanha curta e agravada pela situa\u00e7\u00e3o da pandemia do Covid-19, ambos revelam que a estrat\u00e9gia \u00e9 tentar aproveitar ao m\u00e1ximo o tempo em r\u00e1dio e TV para autopromo\u00e7\u00e3o das candidaturas. Dono do maior tempo&hellip;<\/p>\n","protected":false},"author":1,"featured_media":18566,"comment_status":"open","ping_status":"open","sticky":false,"template":"","format":"standard","meta":{"footnotes":""},"categories":[1],"tags":[],"class_list":["post-18565","post","type-post","status-publish","format-standard","has-post-thumbnail","hentry","category-noticias"],"_links":{"self":[{"href":"https:\/\/blogdorogeriogomes.com.br\/noticias\/wp-json\/wp\/v2\/posts\/18565","targetHints":{"allow":["GET"]}}],"collection":[{"href":"https:\/\/blogdorogeriogomes.com.br\/noticias\/wp-json\/wp\/v2\/posts"}],"about":[{"href":"https:\/\/blogdorogeriogomes.com.br\/noticias\/wp-json\/wp\/v2\/types\/post"}],"author":[{"embeddable":true,"href":"https:\/\/blogdorogeriogomes.com.br\/noticias\/wp-json\/wp\/v2\/users\/1"}],"replies":[{"embeddable":true,"href":"https:\/\/blogdorogeriogomes.com.br\/noticias\/wp-json\/wp\/v2\/comments?post=18565"}],"version-history":[{"count":1,"href":"https:\/\/blogdorogeriogomes.com.br\/noticias\/wp-json\/wp\/v2\/posts\/18565\/revisions"}],"predecessor-version":[{"id":18567,"href":"https:\/\/blogdorogeriogomes.com.br\/noticias\/wp-json\/wp\/v2\/posts\/18565\/revisions\/18567"}],"wp:featuredmedia":[{"embeddable":true,"href":"https:\/\/blogdorogeriogomes.com.br\/noticias\/wp-json\/wp\/v2\/media\/18566"}],"wp:attachment":[{"href":"https:\/\/blogdorogeriogomes.com.br\/noticias\/wp-json\/wp\/v2\/media?parent=18565"}],"wp:term":[{"taxonomy":"category","embeddable":true,"href":"https:\/\/blogdorogeriogomes.com.br\/noticias\/wp-json\/wp\/v2\/categories?post=18565"},{"taxonomy":"post_tag","embeddable":true,"href":"https:\/\/blogdorogeriogomes.com.br\/noticias\/wp-json\/wp\/v2\/tags?post=18565"}],"curies":[{"name":"wp","href":"https:\/\/api.w.org\/{rel}","templated":true}]}}