{"id":18568,"date":"2020-10-07T19:53:21","date_gmt":"2020-10-07T19:53:21","guid":{"rendered":"https:\/\/blogdorogeriogomes.com.br\/?p=18568"},"modified":"2020-10-08T21:38:15","modified_gmt":"2020-10-08T21:38:15","slug":"governador-camilo-santana-testa-positivo-para-covid-19","status":"publish","type":"post","link":"https:\/\/blogdorogeriogomes.com.br\/noticias\/2020\/10\/governador-camilo-santana-testa-positivo-para-covid-19\/","title":{"rendered":"Governador Camilo Santana testa positivo para Covid-19"},"content":{"rendered":"\n<p>Na tarde desta quarta-feira, dia 7 de outubro, o governador do Cear\u00e1, Camilo Santana, informou por meio de suas redes sociais que testou positivo para Covid-19. O novo exame foi realizado ap\u00f3s o chefe executivo sentir sintomas gripais. Na \u00faltima segunda-feira, a primeira-dama On\u00e9lia Santana tamb\u00e9m testou positivo e o teste de Camilo havia sido negativo.<\/p>\n\n\n\n<p>&#8220;J\u00e1 havia cancelado toda a minha agenda p\u00fablica e entrado em isolamento, trabalhando de casa. Continuarei dessa forma nos pr\u00f3ximos dias, seguindo todas as recomenda\u00e7\u00f5es m\u00e9dicas. Neste momento estou bem, embora com alguns sintomas da gripe&#8221;, informou o governador.<\/p>\n\n\n\n<p>Camilo Santana agradeceu pelas mensagens de carinho e vibra\u00e7\u00f5es positivas enviadas \u00e0 On\u00e9lia, e disse que a sua esposa est\u00e1 em plena recupera\u00e7\u00e3o para retomar a agenda normal de trabalho.<\/p>\n\n\n\n<figure class=\"wp-block-image size-large\"><img loading=\"lazy\" decoding=\"async\" width=\"908\" height=\"510\" src=\"https:\/\/blogdorogeriogomes.com.br\/wp-content\/uploads\/2020\/10\/Governador-Camilo-Santana.jpeg\" alt=\"\" class=\"wp-image-18569\" srcset=\"https:\/\/blogdorogeriogomes.com.br\/noticias\/wp-content\/uploads\/2020\/10\/Governador-Camilo-Santana.jpeg 908w, https:\/\/blogdorogeriogomes.com.br\/noticias\/wp-content\/uploads\/2020\/10\/Governador-Camilo-Santana-300x169.jpeg 300w, https:\/\/blogdorogeriogomes.com.br\/noticias\/wp-content\/uploads\/2020\/10\/Governador-Camilo-Santana-768x431.jpeg 768w, https:\/\/blogdorogeriogomes.com.br\/noticias\/wp-content\/uploads\/2020\/10\/Governador-Camilo-Santana-800x449.jpeg 800w\" sizes=\"auto, (max-width: 908px) 100vw, 908px\" \/><\/figure>\n","protected":false},"excerpt":{"rendered":"<p>Na tarde desta quarta-feira, dia 7 de outubro, o governador do Cear\u00e1, Camilo Santana, informou por meio de suas redes sociais que testou positivo para Covid-19. O novo exame foi realizado ap\u00f3s o chefe executivo sentir sintomas gripais. Na \u00faltima segunda-feira, a primeira-dama On\u00e9lia Santana tamb\u00e9m testou positivo e o teste de Camilo havia sido negativo. &#8220;J\u00e1 havia cancelado toda a minha agenda p\u00fablica e entrado em isolamento, trabalhando de casa. Continuarei dessa forma nos pr\u00f3ximos dias, seguindo todas&hellip;<\/p>\n","protected":false},"author":1,"featured_media":18569,"comment_status":"open","ping_status":"open","sticky":false,"template":"","format":"standard","meta":{"footnotes":""},"categories":[1],"tags":[],"class_list":["post-18568","post","type-post","status-publish","format-standard","has-post-thumbnail","hentry","category-noticias"],"_links":{"self":[{"href":"https:\/\/blogdorogeriogomes.com.br\/noticias\/wp-json\/wp\/v2\/posts\/18568","targetHints":{"allow":["GET"]}}],"collection":[{"href":"https:\/\/blogdorogeriogomes.com.br\/noticias\/wp-json\/wp\/v2\/posts"}],"about":[{"href":"https:\/\/blogdorogeriogomes.com.br\/noticias\/wp-json\/wp\/v2\/types\/post"}],"author":[{"embeddable":true,"href":"https:\/\/blogdorogeriogomes.com.br\/noticias\/wp-json\/wp\/v2\/users\/1"}],"replies":[{"embeddable":true,"href":"https:\/\/blogdorogeriogomes.com.br\/noticias\/wp-json\/wp\/v2\/comments?post=18568"}],"version-history":[{"count":1,"href":"https:\/\/blogdorogeriogomes.com.br\/noticias\/wp-json\/wp\/v2\/posts\/18568\/revisions"}],"predecessor-version":[{"id":18570,"href":"https:\/\/blogdorogeriogomes.com.br\/noticias\/wp-json\/wp\/v2\/posts\/18568\/revisions\/18570"}],"wp:featuredmedia":[{"embeddable":true,"href":"https:\/\/blogdorogeriogomes.com.br\/noticias\/wp-json\/wp\/v2\/media\/18569"}],"wp:attachment":[{"href":"https:\/\/blogdorogeriogomes.com.br\/noticias\/wp-json\/wp\/v2\/media?parent=18568"}],"wp:term":[{"taxonomy":"category","embeddable":true,"href":"https:\/\/blogdorogeriogomes.com.br\/noticias\/wp-json\/wp\/v2\/categories?post=18568"},{"taxonomy":"post_tag","embeddable":true,"href":"https:\/\/blogdorogeriogomes.com.br\/noticias\/wp-json\/wp\/v2\/tags?post=18568"}],"curies":[{"name":"wp","href":"https:\/\/api.w.org\/{rel}","templated":true}]}}