{"id":18574,"date":"2020-10-08T09:15:09","date_gmt":"2020-10-08T09:15:09","guid":{"rendered":"https:\/\/blogdorogeriogomes.com.br\/?p=18574"},"modified":"2020-10-08T21:35:24","modified_gmt":"2020-10-08T21:35:24","slug":"fux-leva-processos-da-lava-jato-para-serem-apreciadas-no-plenario-do-stf","status":"publish","type":"post","link":"https:\/\/blogdorogeriogomes.com.br\/noticias\/2020\/10\/fux-leva-processos-da-lava-jato-para-serem-apreciadas-no-plenario-do-stf\/","title":{"rendered":"Fux leva processos da Lava Jato para serem apreciados no plen\u00e1rio do STF"},"content":{"rendered":"\n<p>Por decis\u00e3o do presidente Luiz Fux, o Supremo Tribunal Federal (STF) vai alterar o regimento interno da Corte para a\u00e7\u00f5es penais ajuizadas contra r\u00e9us com prerrogativa de foro por fun\u00e7\u00e3o voltem a ser julgadas pelo Plen\u00e1rio. A Segunda Turma do STF deixar\u00e1 de julgar os processos da Opera\u00e7\u00e3o Lava Jato. A Segunda Turma tem imposto seguidas derrotas \u00e0s investiga\u00e7\u00f5es da opera\u00e7\u00e3o.<\/p>\n\n\n\n<p>As &nbsp;turmas continuar\u00e3o a julgar a\u00e7\u00f5es penais como habeas corpus relativos a processos que tramitam originalmente em outras inst\u00e2ncias, como as a\u00e7\u00f5es em que a defesa do ex-presidente Luiz In\u00e1cio Lula da Silva (PT) acusa o ex-juiz Sergio Moro e procuradores da Lava Jato de terem agido sem imparcialidade e pede a anula\u00e7\u00e3o das condena\u00e7\u00f5es do petista.<\/p>\n\n\n\n<figure class=\"wp-block-image size-large\"><img loading=\"lazy\" decoding=\"async\" width=\"716\" height=\"428\" src=\"https:\/\/blogdorogeriogomes.com.br\/wp-content\/uploads\/2020\/10\/images-14.jpeg\" alt=\"\" class=\"wp-image-18575\" srcset=\"https:\/\/blogdorogeriogomes.com.br\/noticias\/wp-content\/uploads\/2020\/10\/images-14.jpeg 716w, https:\/\/blogdorogeriogomes.com.br\/noticias\/wp-content\/uploads\/2020\/10\/images-14-300x179.jpeg 300w\" sizes=\"auto, (max-width: 716px) 100vw, 716px\" \/><\/figure>\n","protected":false},"excerpt":{"rendered":"<p>Por decis\u00e3o do presidente Luiz Fux, o Supremo Tribunal Federal (STF) vai alterar o regimento interno da Corte para a\u00e7\u00f5es penais ajuizadas contra r\u00e9us com prerrogativa de foro por fun\u00e7\u00e3o voltem a ser julgadas pelo Plen\u00e1rio. A Segunda Turma do STF deixar\u00e1 de julgar os processos da Opera\u00e7\u00e3o Lava Jato. A Segunda Turma tem imposto seguidas derrotas \u00e0s investiga\u00e7\u00f5es da opera\u00e7\u00e3o. As &nbsp;turmas continuar\u00e3o a julgar a\u00e7\u00f5es penais como habeas corpus relativos a processos que tramitam originalmente em outras&hellip;<\/p>\n","protected":false},"author":1,"featured_media":18575,"comment_status":"open","ping_status":"open","sticky":false,"template":"","format":"standard","meta":{"footnotes":""},"categories":[1],"tags":[],"class_list":["post-18574","post","type-post","status-publish","format-standard","has-post-thumbnail","hentry","category-noticias"],"_links":{"self":[{"href":"https:\/\/blogdorogeriogomes.com.br\/noticias\/wp-json\/wp\/v2\/posts\/18574","targetHints":{"allow":["GET"]}}],"collection":[{"href":"https:\/\/blogdorogeriogomes.com.br\/noticias\/wp-json\/wp\/v2\/posts"}],"about":[{"href":"https:\/\/blogdorogeriogomes.com.br\/noticias\/wp-json\/wp\/v2\/types\/post"}],"author":[{"embeddable":true,"href":"https:\/\/blogdorogeriogomes.com.br\/noticias\/wp-json\/wp\/v2\/users\/1"}],"replies":[{"embeddable":true,"href":"https:\/\/blogdorogeriogomes.com.br\/noticias\/wp-json\/wp\/v2\/comments?post=18574"}],"version-history":[{"count":2,"href":"https:\/\/blogdorogeriogomes.com.br\/noticias\/wp-json\/wp\/v2\/posts\/18574\/revisions"}],"predecessor-version":[{"id":18577,"href":"https:\/\/blogdorogeriogomes.com.br\/noticias\/wp-json\/wp\/v2\/posts\/18574\/revisions\/18577"}],"wp:featuredmedia":[{"embeddable":true,"href":"https:\/\/blogdorogeriogomes.com.br\/noticias\/wp-json\/wp\/v2\/media\/18575"}],"wp:attachment":[{"href":"https:\/\/blogdorogeriogomes.com.br\/noticias\/wp-json\/wp\/v2\/media?parent=18574"}],"wp:term":[{"taxonomy":"category","embeddable":true,"href":"https:\/\/blogdorogeriogomes.com.br\/noticias\/wp-json\/wp\/v2\/categories?post=18574"},{"taxonomy":"post_tag","embeddable":true,"href":"https:\/\/blogdorogeriogomes.com.br\/noticias\/wp-json\/wp\/v2\/tags?post=18574"}],"curies":[{"name":"wp","href":"https:\/\/api.w.org\/{rel}","templated":true}]}}