{"id":18581,"date":"2020-10-08T18:32:19","date_gmt":"2020-10-08T18:32:19","guid":{"rendered":"https:\/\/blogdorogeriogomes.com.br\/?p=18581"},"modified":"2020-10-08T21:34:36","modified_gmt":"2020-10-08T21:34:36","slug":"18581","status":"publish","type":"post","link":"https:\/\/blogdorogeriogomes.com.br\/noticias\/2020\/10\/18581\/","title":{"rendered":"Tr\u00eas escolas da rede privada em Fortaleza j\u00e1 suspenderam aulas ap\u00f3s casos de Covid-19"},"content":{"rendered":"\n<p>A retomada de aulas presenciais em institui\u00e7\u00f5es de ensino privado j\u00e1 causam preocupa\u00e7\u00e3o devido aos testes positivos para o novo coronav\u00edrus em Fortaleza. Tr\u00eas escolas j\u00e1 suspenderam atividades em seus pr\u00e9dios.<\/p>\n\n\n\n<p>De acordo com informa\u00e7\u00f5es da Secretaria da Sa\u00fade do Cear\u00e1 (Sesa), um col\u00e9gio no Jos\u00e9 Walter foi fechado na manh\u00e3 desta quinta-feira, dia 8 de outubro, por conta de casos de Covid-19, ap\u00f3s cumprir regime presencial desde o dia 1\u00ba de setembro.<\/p>\n\n\n\n<p>Na \u00faltima quarta-feira, dia 7, outra unidade particular, no Centro, havia comunicado que estava mantendo somente as aulas remotas por conta do quadro gripal de quatro estudantes. Na ter\u00e7a-feira, dia 6, tamb\u00e9m uma escola da rede particular suspendeu as atividades ap\u00f3s a testagem de funcion\u00e1rios acusar casos de Covid-19.<\/p>\n\n\n\n<p>As escolas da rede p\u00fablica municipal em Fortaleza e em outras oito cidades da Regi\u00e3o Metropolitana decidiram manter apenas o ensino remoto at\u00e9 o fim de dezembro deste ano, temendo exatamente que a volta das atividades presenciais favorecesse algum cont\u00e1gio entre alunos e professores.<\/p>\n\n\n\n<p>O Cear\u00e1 conta, at\u00e9 o momento, com 243.106 casos de coronav\u00edrus e 9.056 pessoas morreram v\u00edtima desta pandemia.<\/p>\n\n\n\n<figure class=\"wp-block-image size-large\"><img loading=\"lazy\" decoding=\"async\" width=\"678\" height=\"452\" src=\"https:\/\/blogdorogeriogomes.com.br\/wp-content\/uploads\/2020\/10\/images-17.jpeg\" alt=\"\" class=\"wp-image-18582\" srcset=\"https:\/\/blogdorogeriogomes.com.br\/noticias\/wp-content\/uploads\/2020\/10\/images-17.jpeg 678w, https:\/\/blogdorogeriogomes.com.br\/noticias\/wp-content\/uploads\/2020\/10\/images-17-300x200.jpeg 300w\" sizes=\"auto, (max-width: 678px) 100vw, 678px\" \/><\/figure>\n","protected":false},"excerpt":{"rendered":"<p>A retomada de aulas presenciais em institui\u00e7\u00f5es de ensino privado j\u00e1 causam preocupa\u00e7\u00e3o devido aos testes positivos para o novo coronav\u00edrus em Fortaleza. Tr\u00eas escolas j\u00e1 suspenderam atividades em seus pr\u00e9dios. De acordo com informa\u00e7\u00f5es da Secretaria da Sa\u00fade do Cear\u00e1 (Sesa), um col\u00e9gio no Jos\u00e9 Walter foi fechado na manh\u00e3 desta quinta-feira, dia 8 de outubro, por conta de casos de Covid-19, ap\u00f3s cumprir regime presencial desde o dia 1\u00ba de setembro. Na \u00faltima quarta-feira, dia 7, outra&hellip;<\/p>\n","protected":false},"author":1,"featured_media":18582,"comment_status":"open","ping_status":"open","sticky":false,"template":"","format":"standard","meta":{"footnotes":""},"categories":[1],"tags":[],"class_list":["post-18581","post","type-post","status-publish","format-standard","has-post-thumbnail","hentry","category-noticias"],"_links":{"self":[{"href":"https:\/\/blogdorogeriogomes.com.br\/noticias\/wp-json\/wp\/v2\/posts\/18581","targetHints":{"allow":["GET"]}}],"collection":[{"href":"https:\/\/blogdorogeriogomes.com.br\/noticias\/wp-json\/wp\/v2\/posts"}],"about":[{"href":"https:\/\/blogdorogeriogomes.com.br\/noticias\/wp-json\/wp\/v2\/types\/post"}],"author":[{"embeddable":true,"href":"https:\/\/blogdorogeriogomes.com.br\/noticias\/wp-json\/wp\/v2\/users\/1"}],"replies":[{"embeddable":true,"href":"https:\/\/blogdorogeriogomes.com.br\/noticias\/wp-json\/wp\/v2\/comments?post=18581"}],"version-history":[{"count":2,"href":"https:\/\/blogdorogeriogomes.com.br\/noticias\/wp-json\/wp\/v2\/posts\/18581\/revisions"}],"predecessor-version":[{"id":18584,"href":"https:\/\/blogdorogeriogomes.com.br\/noticias\/wp-json\/wp\/v2\/posts\/18581\/revisions\/18584"}],"wp:featuredmedia":[{"embeddable":true,"href":"https:\/\/blogdorogeriogomes.com.br\/noticias\/wp-json\/wp\/v2\/media\/18582"}],"wp:attachment":[{"href":"https:\/\/blogdorogeriogomes.com.br\/noticias\/wp-json\/wp\/v2\/media?parent=18581"}],"wp:term":[{"taxonomy":"category","embeddable":true,"href":"https:\/\/blogdorogeriogomes.com.br\/noticias\/wp-json\/wp\/v2\/categories?post=18581"},{"taxonomy":"post_tag","embeddable":true,"href":"https:\/\/blogdorogeriogomes.com.br\/noticias\/wp-json\/wp\/v2\/tags?post=18581"}],"curies":[{"name":"wp","href":"https:\/\/api.w.org\/{rel}","templated":true}]}}