{"id":18585,"date":"2020-10-08T18:51:38","date_gmt":"2020-10-08T18:51:38","guid":{"rendered":"https:\/\/blogdorogeriogomes.com.br\/?p=18585"},"modified":"2020-10-08T21:34:12","modified_gmt":"2020-10-08T21:34:12","slug":"prefeito-roberto-claudio-inaugura-seis-novas-estacoes-do-bicicletar-no-joquei-clube-parangaba-e-messejana","status":"publish","type":"post","link":"https:\/\/blogdorogeriogomes.com.br\/noticias\/2020\/10\/prefeito-roberto-claudio-inaugura-seis-novas-estacoes-do-bicicletar-no-joquei-clube-parangaba-e-messejana\/","title":{"rendered":"Prefeito Roberto Cl\u00e1udio inaugura seis novas esta\u00e7\u00f5es do Bicicletar no J\u00f3quei Clube, Parangaba e Messejana"},"content":{"rendered":"\n<p>O Prefeito Roberto Cl\u00e1udio inaugurou, na manh\u00e3 desta quarta-feira, dia 7 de outubro, na Areninha da Parangaba, mais seis novas esta\u00e7\u00f5es do Bicicletar, agora implantadas nos bairros J\u00f3quei Clube, Parangaba e Messejana. Com a inaugura\u00e7\u00e3o, Fortaleza passa a contar com 172 esta\u00e7\u00f5es do sistema de bicicletas compartilhadas, o que \u00e9 mais que o dobro de esta\u00e7\u00f5es dispon\u00edveis at\u00e9 o final de 2019, permitindo mais alternativas de deslocamento sustent\u00e1vel para o uso da popula\u00e7\u00e3o em mais bairros da capital.<br>Desenvolvido pela Secretaria Municipal da Conserva\u00e7\u00e3o e Servi\u00e7os P\u00fablicos (SCSP), por meio do Plano de A\u00e7\u00f5es Imediatas de Transporte e Tr\u00e2nsito de Fortaleza (PAITT), o Bicicletar est\u00e1 expandindo o sistema de compartilhamento de bicicletas para novas regi\u00f5es da cidade, tornando-se o maior sistema de bicicleta compartilhada do Brasil em n\u00famero de esta\u00e7\u00f5es por habitantes e o terceiro em n\u00fameros absolutos, atr\u00e1s somente do Rio de Janeiro e S\u00e3o Paulo. <br>De janeiro deste ano at\u00e9 agora, j\u00e1 foram implantadas 92 das 130 novas esta\u00e7\u00f5es previstas at\u00e9 o final de 2020, quando o sistema passar\u00e1 a contar com um total de 210 esta\u00e7\u00f5es, o que representar\u00e1 uma amplia\u00e7\u00e3o em mais de 160%.<br>As novas esta\u00e7\u00f5es fazem parte da expans\u00e3o do sistema, que est\u00e1 chegando a bairros das Regionais I, II, III, IV e VI, como Barra do Cear\u00e1, Cristo Redentor, Pirambu, Jacarecanga, Carlito Pamplona, \u00c1lvaro Weyne, Presidente Kennedy, Mucuripe, Monte Castelo, S\u00e3o Gerardo, Centro, Farias Brito, Benfica, Parquel\u00e2ndia, Pici, Ant\u00f4nio Bezerra, Padre Andrade, Moura Brasil, Vila Ellery, Luciano Cavalcante, Bela Vista, Parquel\u00e2ndia, Panamericano, Rodolfo Te\u00f3filo, Amadeu Furtado, J\u00f3quei Clube, Damas, Itaperi, Serrinha, Itaoca, Dem\u00f3crito Rocha, Vila Uni\u00e3o, Montese, Parre\u00e3o, Parangaba, Messejana, Paupina, Edson Queiroz, Jardim das Oliveiras, Sapiranga, Cidade dos Funcion\u00e1rios, Parque Manibura, Parque Iracema e Cambeba.<br>At\u00e9 o final de 2019, Fortaleza contava com 80 esta\u00e7\u00f5es do Bicicletar, que eram e permanecem sendo patrocinadas pela Unimed Fortaleza, ou seja, a gest\u00e3o municipal n\u00e3o teve nenhum custo com este programa. J\u00e1 estes 130 novos equipamentos que est\u00e3o sendo implantados ao longo deste ano s\u00e3o custeados com recursos municipais oriundos da arrecada\u00e7\u00e3o da Zona Azul.<br>A Prefeitura de Fortaleza chegou \u00e0 marca de 317,3 km de infraestrutura ciclovi\u00e1ria, proporcionando cada vez mais op\u00e7\u00f5es de deslocamentos seguros para a utiliza\u00e7\u00e3o da bicicleta na cidade. Nessa conta, s\u00e3o 195,3 km de ciclofaixas, 111,4 km de ciclovias, 10,4 km de ciclorrotas e 0,2km de passeio compartilhado. <\/p>\n\n\n\n<figure class=\"wp-block-image size-large\"><img loading=\"lazy\" decoding=\"async\" width=\"1024\" height=\"629\" src=\"https:\/\/blogdorogeriogomes.com.br\/wp-content\/uploads\/2020\/10\/IMG-20201008-WA0105-1024x629.jpg\" alt=\"\" class=\"wp-image-18586\" srcset=\"https:\/\/blogdorogeriogomes.com.br\/noticias\/wp-content\/uploads\/2020\/10\/IMG-20201008-WA0105-1024x629.jpg 1024w, https:\/\/blogdorogeriogomes.com.br\/noticias\/wp-content\/uploads\/2020\/10\/IMG-20201008-WA0105-300x184.jpg 300w, https:\/\/blogdorogeriogomes.com.br\/noticias\/wp-content\/uploads\/2020\/10\/IMG-20201008-WA0105-768x472.jpg 768w, https:\/\/blogdorogeriogomes.com.br\/noticias\/wp-content\/uploads\/2020\/10\/IMG-20201008-WA0105-800x491.jpg 800w, https:\/\/blogdorogeriogomes.com.br\/noticias\/wp-content\/uploads\/2020\/10\/IMG-20201008-WA0105.jpg 1280w\" sizes=\"auto, (max-width: 1024px) 100vw, 1024px\" \/><\/figure>\n","protected":false},"excerpt":{"rendered":"<p>O Prefeito Roberto Cl\u00e1udio inaugurou, na manh\u00e3 desta quarta-feira, dia 7 de outubro, na Areninha da Parangaba, mais seis novas esta\u00e7\u00f5es do Bicicletar, agora implantadas nos bairros J\u00f3quei Clube, Parangaba e Messejana. Com a inaugura\u00e7\u00e3o, Fortaleza passa a contar com 172 esta\u00e7\u00f5es do sistema de bicicletas compartilhadas, o que \u00e9 mais que o dobro de esta\u00e7\u00f5es dispon\u00edveis at\u00e9 o final de 2019, permitindo mais alternativas de deslocamento sustent\u00e1vel para o uso da popula\u00e7\u00e3o em mais bairros da capital.Desenvolvido pela&hellip;<\/p>\n","protected":false},"author":1,"featured_media":18586,"comment_status":"open","ping_status":"open","sticky":false,"template":"","format":"standard","meta":{"footnotes":""},"categories":[1],"tags":[],"class_list":["post-18585","post","type-post","status-publish","format-standard","has-post-thumbnail","hentry","category-noticias"],"_links":{"self":[{"href":"https:\/\/blogdorogeriogomes.com.br\/noticias\/wp-json\/wp\/v2\/posts\/18585","targetHints":{"allow":["GET"]}}],"collection":[{"href":"https:\/\/blogdorogeriogomes.com.br\/noticias\/wp-json\/wp\/v2\/posts"}],"about":[{"href":"https:\/\/blogdorogeriogomes.com.br\/noticias\/wp-json\/wp\/v2\/types\/post"}],"author":[{"embeddable":true,"href":"https:\/\/blogdorogeriogomes.com.br\/noticias\/wp-json\/wp\/v2\/users\/1"}],"replies":[{"embeddable":true,"href":"https:\/\/blogdorogeriogomes.com.br\/noticias\/wp-json\/wp\/v2\/comments?post=18585"}],"version-history":[{"count":1,"href":"https:\/\/blogdorogeriogomes.com.br\/noticias\/wp-json\/wp\/v2\/posts\/18585\/revisions"}],"predecessor-version":[{"id":18587,"href":"https:\/\/blogdorogeriogomes.com.br\/noticias\/wp-json\/wp\/v2\/posts\/18585\/revisions\/18587"}],"wp:featuredmedia":[{"embeddable":true,"href":"https:\/\/blogdorogeriogomes.com.br\/noticias\/wp-json\/wp\/v2\/media\/18586"}],"wp:attachment":[{"href":"https:\/\/blogdorogeriogomes.com.br\/noticias\/wp-json\/wp\/v2\/media?parent=18585"}],"wp:term":[{"taxonomy":"category","embeddable":true,"href":"https:\/\/blogdorogeriogomes.com.br\/noticias\/wp-json\/wp\/v2\/categories?post=18585"},{"taxonomy":"post_tag","embeddable":true,"href":"https:\/\/blogdorogeriogomes.com.br\/noticias\/wp-json\/wp\/v2\/tags?post=18585"}],"curies":[{"name":"wp","href":"https:\/\/api.w.org\/{rel}","templated":true}]}}