{"id":18591,"date":"2020-10-09T09:07:22","date_gmt":"2020-10-09T09:07:22","guid":{"rendered":"https:\/\/blogdorogeriogomes.com.br\/?p=18591"},"modified":"2020-10-12T12:38:31","modified_gmt":"2020-10-12T12:38:31","slug":"bolsonaro-faz-referencia-a-capitao-wagner-mas-reclama-do-uso-de-sua-imagem-por-heitor-freire","status":"publish","type":"post","link":"https:\/\/blogdorogeriogomes.com.br\/noticias\/2020\/10\/bolsonaro-faz-referencia-a-capitao-wagner-mas-reclama-do-uso-de-sua-imagem-por-heitor-freire\/","title":{"rendered":"Bolsonaro faz refer\u00eancia a Capit\u00e3o Wagner, mas reclama do uso de sua imagem por Heitor Freire"},"content":{"rendered":"\n<p>Depois de dizer que n\u00e3o iria se envolver nas elei\u00e7\u00f5es municipais, o presidente Jair Bolsonaro resolveu mudar de ideia. Em live nesta quinta-feira, dia 8 de outubro, ele prometeu usar as \u00faltimas duas semanas da campanha eleitoral para se engajar no apoio a alguns candidatos pelo Pa\u00eds. Em Fortaleza, ele declarou estar ao lado de Capit\u00e3o Wagner, do Pros.<\/p>\n\n\n\n<p>Na mesma live, Bolsonaro disparou contra desafetos pol\u00edticos no Cear\u00e1. Ele protestou contra o uso da imagem pelo candidato do PSL, Andr\u00e9 Holanda, que concorre a prefeito de Pacatuba, na Regi\u00e3o Metropolitana de Fortaleza. Ao lado do candidato e do presidente est\u00e1 o presidente do PSL no Cear\u00e1, Heitor Freire, que tamb\u00e9m \u00e9 candidato a prefeito em Fortaleza. Bolsonaro e Freire est\u00e3o rompidos politicamente. \u201c\u00c9 muita cara de pau desse deputado federal, Heitor Freire\u201d, disse o presidente.<\/p>\n\n\n\n<figure class=\"wp-block-image size-large\"><img loading=\"lazy\" decoding=\"async\" width=\"645\" height=\"475\" src=\"https:\/\/blogdorogeriogomes.com.br\/wp-content\/uploads\/2020\/10\/images-19.jpeg\" alt=\"\" class=\"wp-image-18592\" srcset=\"https:\/\/blogdorogeriogomes.com.br\/noticias\/wp-content\/uploads\/2020\/10\/images-19.jpeg 645w, https:\/\/blogdorogeriogomes.com.br\/noticias\/wp-content\/uploads\/2020\/10\/images-19-300x221.jpeg 300w\" sizes=\"auto, (max-width: 645px) 100vw, 645px\" \/><\/figure>\n","protected":false},"excerpt":{"rendered":"<p>Depois de dizer que n\u00e3o iria se envolver nas elei\u00e7\u00f5es municipais, o presidente Jair Bolsonaro resolveu mudar de ideia. Em live nesta quinta-feira, dia 8 de outubro, ele prometeu usar as \u00faltimas duas semanas da campanha eleitoral para se engajar no apoio a alguns candidatos pelo Pa\u00eds. Em Fortaleza, ele declarou estar ao lado de Capit\u00e3o Wagner, do Pros. Na mesma live, Bolsonaro disparou contra desafetos pol\u00edticos no Cear\u00e1. Ele protestou contra o uso da imagem pelo candidato do&hellip;<\/p>\n","protected":false},"author":1,"featured_media":18592,"comment_status":"open","ping_status":"open","sticky":false,"template":"","format":"standard","meta":{"footnotes":""},"categories":[1],"tags":[],"class_list":["post-18591","post","type-post","status-publish","format-standard","has-post-thumbnail","hentry","category-noticias"],"_links":{"self":[{"href":"https:\/\/blogdorogeriogomes.com.br\/noticias\/wp-json\/wp\/v2\/posts\/18591","targetHints":{"allow":["GET"]}}],"collection":[{"href":"https:\/\/blogdorogeriogomes.com.br\/noticias\/wp-json\/wp\/v2\/posts"}],"about":[{"href":"https:\/\/blogdorogeriogomes.com.br\/noticias\/wp-json\/wp\/v2\/types\/post"}],"author":[{"embeddable":true,"href":"https:\/\/blogdorogeriogomes.com.br\/noticias\/wp-json\/wp\/v2\/users\/1"}],"replies":[{"embeddable":true,"href":"https:\/\/blogdorogeriogomes.com.br\/noticias\/wp-json\/wp\/v2\/comments?post=18591"}],"version-history":[{"count":1,"href":"https:\/\/blogdorogeriogomes.com.br\/noticias\/wp-json\/wp\/v2\/posts\/18591\/revisions"}],"predecessor-version":[{"id":18593,"href":"https:\/\/blogdorogeriogomes.com.br\/noticias\/wp-json\/wp\/v2\/posts\/18591\/revisions\/18593"}],"wp:featuredmedia":[{"embeddable":true,"href":"https:\/\/blogdorogeriogomes.com.br\/noticias\/wp-json\/wp\/v2\/media\/18592"}],"wp:attachment":[{"href":"https:\/\/blogdorogeriogomes.com.br\/noticias\/wp-json\/wp\/v2\/media?parent=18591"}],"wp:term":[{"taxonomy":"category","embeddable":true,"href":"https:\/\/blogdorogeriogomes.com.br\/noticias\/wp-json\/wp\/v2\/categories?post=18591"},{"taxonomy":"post_tag","embeddable":true,"href":"https:\/\/blogdorogeriogomes.com.br\/noticias\/wp-json\/wp\/v2\/tags?post=18591"}],"curies":[{"name":"wp","href":"https:\/\/api.w.org\/{rel}","templated":true}]}}