{"id":18594,"date":"2020-10-09T09:30:19","date_gmt":"2020-10-09T09:30:19","guid":{"rendered":"https:\/\/blogdorogeriogomes.com.br\/?p=18594"},"modified":"2020-10-12T12:38:08","modified_gmt":"2020-10-12T12:38:08","slug":"brasil-registra-730-mortes-por-covid-19-nas-ultimas-24-horas-mas-media-movel-esta-estabilizada","status":"publish","type":"post","link":"https:\/\/blogdorogeriogomes.com.br\/noticias\/2020\/10\/brasil-registra-730-mortes-por-covid-19-nas-ultimas-24-horas-mas-media-movel-esta-estabilizada\/","title":{"rendered":"Brasil registra 730 mortes por Covid-19 nas \u00faltimas 24 horas, mas m\u00e9dia m\u00f3vel est\u00e1 estabilizada"},"content":{"rendered":"\n<p>O Brasil registrou 730 mortes pela Covid-19 nas \u00faltimas 24 horas, chegando ao total de 149.034 \u00f3bitos desde o come\u00e7o da pandemia. Com isso, a m\u00e9dia m\u00f3vel de mortes no Brasil nos \u00faltimos 7 dias foi de 610, uma varia\u00e7\u00e3o de -12% em rela\u00e7\u00e3o aos dados registrados em 14 dias. Em casos confirmados, desde o come\u00e7o da pandemia 5.029.539 brasileiros j\u00e1 tiveram ou t\u00eam o novo coronav\u00edrus, com 27.182 desses confirmados no \u00faltimo dia.<\/p>\n\n\n\n<p>Segundo o Minist\u00e9rio da Sa\u00fade, o Brasil tem a previs\u00e3o de oferecer, ao menos, 140 milh\u00f5es de doses da vacina contra a Covid-19 no primeiro semestre de 2021. Diante do atual est\u00e1gio dos testes, a previs\u00e3o \u00e9 que a vacina\u00e7\u00e3o comece no primeiro trimestre do pr\u00f3ximo ano. Esta, pelo menos, \u00e9 a expectativa.<\/p>\n\n\n\n<figure class=\"wp-block-image size-large\"><img loading=\"lazy\" decoding=\"async\" width=\"540\" height=\"304\" src=\"https:\/\/blogdorogeriogomes.com.br\/wp-content\/uploads\/2020\/10\/vacina.jpeg\" alt=\"\" class=\"wp-image-18595\" srcset=\"https:\/\/blogdorogeriogomes.com.br\/noticias\/wp-content\/uploads\/2020\/10\/vacina.jpeg 540w, https:\/\/blogdorogeriogomes.com.br\/noticias\/wp-content\/uploads\/2020\/10\/vacina-300x169.jpeg 300w\" sizes=\"auto, (max-width: 540px) 100vw, 540px\" \/><\/figure>\n","protected":false},"excerpt":{"rendered":"<p>O Brasil registrou 730 mortes pela Covid-19 nas \u00faltimas 24 horas, chegando ao total de 149.034 \u00f3bitos desde o come\u00e7o da pandemia. Com isso, a m\u00e9dia m\u00f3vel de mortes no Brasil nos \u00faltimos 7 dias foi de 610, uma varia\u00e7\u00e3o de -12% em rela\u00e7\u00e3o aos dados registrados em 14 dias. Em casos confirmados, desde o come\u00e7o da pandemia 5.029.539 brasileiros j\u00e1 tiveram ou t\u00eam o novo coronav\u00edrus, com 27.182 desses confirmados no \u00faltimo dia. Segundo o Minist\u00e9rio da Sa\u00fade,&hellip;<\/p>\n","protected":false},"author":1,"featured_media":18595,"comment_status":"open","ping_status":"open","sticky":false,"template":"","format":"standard","meta":{"footnotes":""},"categories":[1],"tags":[],"class_list":["post-18594","post","type-post","status-publish","format-standard","has-post-thumbnail","hentry","category-noticias"],"_links":{"self":[{"href":"https:\/\/blogdorogeriogomes.com.br\/noticias\/wp-json\/wp\/v2\/posts\/18594","targetHints":{"allow":["GET"]}}],"collection":[{"href":"https:\/\/blogdorogeriogomes.com.br\/noticias\/wp-json\/wp\/v2\/posts"}],"about":[{"href":"https:\/\/blogdorogeriogomes.com.br\/noticias\/wp-json\/wp\/v2\/types\/post"}],"author":[{"embeddable":true,"href":"https:\/\/blogdorogeriogomes.com.br\/noticias\/wp-json\/wp\/v2\/users\/1"}],"replies":[{"embeddable":true,"href":"https:\/\/blogdorogeriogomes.com.br\/noticias\/wp-json\/wp\/v2\/comments?post=18594"}],"version-history":[{"count":1,"href":"https:\/\/blogdorogeriogomes.com.br\/noticias\/wp-json\/wp\/v2\/posts\/18594\/revisions"}],"predecessor-version":[{"id":18596,"href":"https:\/\/blogdorogeriogomes.com.br\/noticias\/wp-json\/wp\/v2\/posts\/18594\/revisions\/18596"}],"wp:featuredmedia":[{"embeddable":true,"href":"https:\/\/blogdorogeriogomes.com.br\/noticias\/wp-json\/wp\/v2\/media\/18595"}],"wp:attachment":[{"href":"https:\/\/blogdorogeriogomes.com.br\/noticias\/wp-json\/wp\/v2\/media?parent=18594"}],"wp:term":[{"taxonomy":"category","embeddable":true,"href":"https:\/\/blogdorogeriogomes.com.br\/noticias\/wp-json\/wp\/v2\/categories?post=18594"},{"taxonomy":"post_tag","embeddable":true,"href":"https:\/\/blogdorogeriogomes.com.br\/noticias\/wp-json\/wp\/v2\/tags?post=18594"}],"curies":[{"name":"wp","href":"https:\/\/api.w.org\/{rel}","templated":true}]}}