{"id":18597,"date":"2020-10-09T18:14:51","date_gmt":"2020-10-09T18:14:51","guid":{"rendered":"https:\/\/blogdorogeriogomes.com.br\/?p=18597"},"modified":"2020-10-12T12:37:57","modified_gmt":"2020-10-12T12:37:57","slug":"candidatos-em-fortaleza-levantam-suas-principais-bandeiras-em-primeiro-dia-de-propaganda-eleitoral-na-tv-e-no-radio","status":"publish","type":"post","link":"https:\/\/blogdorogeriogomes.com.br\/noticias\/2020\/10\/candidatos-em-fortaleza-levantam-suas-principais-bandeiras-em-primeiro-dia-de-propaganda-eleitoral-na-tv-e-no-radio\/","title":{"rendered":"Candidatos em Fortaleza levantam suas principais bandeiras em primeiro dia de propaganda eleitoral na TV e no r\u00e1dio"},"content":{"rendered":"\n<p>Come\u00e7ou nesta sexta-feira, dia 9 de outubro, o hor\u00e1rio eleitoral gratuito nas emissoras de televis\u00e3o e r\u00e1dio. Em Fortaleza, os candidatos ao Pa\u00e7o Municipal iniciaram os programas levantando as suas principais bandeiras para ganhar o apelo p\u00fablico nas Elei\u00e7\u00f5es Municipais.<\/p>\n\n\n\n<p>A campanha de Jos\u00e9 Sarto (PDT) defendeu a import\u00e2ncia de continuidade da gest\u00e3o Roberto Cl\u00e1udio, e tamb\u00e9m lembrou da parceria exercida no Legislativo (deputado estadual e presidente da Assembleia Legislativa) com o atual governo de Camilo Santana. Conforme o esperado, a candidata petista Luizianne Lins utilizou a figura de Camilo como refer\u00eancia de administra\u00e7\u00e3o do PT e que, se eleita, ir\u00e1 editar uma alian\u00e7a de sucesso entre Estado e Munic\u00edpio.<\/p>\n\n\n\n<p>Capit\u00e3o Wagner (Pros) abriu a programa\u00e7\u00e3o de TV e r\u00e1dio, e aproveitou o seu tempo para destacar a trajet\u00f3ria pol\u00edtica como vereador e deputado, al\u00e9m da narrativa envolvendo supera\u00e7\u00f5es e sucessos de sua vida pessoal, afirmando n\u00e3o ter padrinho pol\u00edtico. Heitor F\u00e9rrer (SD) seguiu linha semelhante ao enfatizar a sua carreira profissional e milit\u00e2ncia em comunidades da Capital.<\/p>\n\n\n\n<p>Heitor Freire (PSL) falou de buscar mais seguran\u00e7a e criar sa\u00eddas para gera\u00e7\u00e3o de empregos. C\u00e9lio Studart (PV) ressaltou a import\u00e2ncia de cuidar dos animais em Fortaleza. Renato Roseno (PSOL) afirmou compromisso com o combate \u00e0 pobreza, a inclus\u00e3o social e o meio ambiente. Anizio Melo (PCdoB) disse que lutar\u00e1 por mais investimentos para a educa\u00e7\u00e3o p\u00fablica.<\/p>\n\n\n\n<figure class=\"wp-block-image size-large\"><img loading=\"lazy\" decoding=\"async\" width=\"475\" height=\"267\" src=\"https:\/\/blogdorogeriogomes.com.br\/wp-content\/uploads\/2020\/10\/images-20.jpeg\" alt=\"\" class=\"wp-image-18598\" srcset=\"https:\/\/blogdorogeriogomes.com.br\/noticias\/wp-content\/uploads\/2020\/10\/images-20.jpeg 475w, https:\/\/blogdorogeriogomes.com.br\/noticias\/wp-content\/uploads\/2020\/10\/images-20-300x169.jpeg 300w\" sizes=\"auto, (max-width: 475px) 100vw, 475px\" \/><\/figure>\n","protected":false},"excerpt":{"rendered":"<p>Come\u00e7ou nesta sexta-feira, dia 9 de outubro, o hor\u00e1rio eleitoral gratuito nas emissoras de televis\u00e3o e r\u00e1dio. Em Fortaleza, os candidatos ao Pa\u00e7o Municipal iniciaram os programas levantando as suas principais bandeiras para ganhar o apelo p\u00fablico nas Elei\u00e7\u00f5es Municipais. A campanha de Jos\u00e9 Sarto (PDT) defendeu a import\u00e2ncia de continuidade da gest\u00e3o Roberto Cl\u00e1udio, e tamb\u00e9m lembrou da parceria exercida no Legislativo (deputado estadual e presidente da Assembleia Legislativa) com o atual governo de Camilo Santana. Conforme o&hellip;<\/p>\n","protected":false},"author":1,"featured_media":18598,"comment_status":"open","ping_status":"open","sticky":false,"template":"","format":"standard","meta":{"footnotes":""},"categories":[1],"tags":[],"class_list":["post-18597","post","type-post","status-publish","format-standard","has-post-thumbnail","hentry","category-noticias"],"_links":{"self":[{"href":"https:\/\/blogdorogeriogomes.com.br\/noticias\/wp-json\/wp\/v2\/posts\/18597","targetHints":{"allow":["GET"]}}],"collection":[{"href":"https:\/\/blogdorogeriogomes.com.br\/noticias\/wp-json\/wp\/v2\/posts"}],"about":[{"href":"https:\/\/blogdorogeriogomes.com.br\/noticias\/wp-json\/wp\/v2\/types\/post"}],"author":[{"embeddable":true,"href":"https:\/\/blogdorogeriogomes.com.br\/noticias\/wp-json\/wp\/v2\/users\/1"}],"replies":[{"embeddable":true,"href":"https:\/\/blogdorogeriogomes.com.br\/noticias\/wp-json\/wp\/v2\/comments?post=18597"}],"version-history":[{"count":1,"href":"https:\/\/blogdorogeriogomes.com.br\/noticias\/wp-json\/wp\/v2\/posts\/18597\/revisions"}],"predecessor-version":[{"id":18599,"href":"https:\/\/blogdorogeriogomes.com.br\/noticias\/wp-json\/wp\/v2\/posts\/18597\/revisions\/18599"}],"wp:featuredmedia":[{"embeddable":true,"href":"https:\/\/blogdorogeriogomes.com.br\/noticias\/wp-json\/wp\/v2\/media\/18598"}],"wp:attachment":[{"href":"https:\/\/blogdorogeriogomes.com.br\/noticias\/wp-json\/wp\/v2\/media?parent=18597"}],"wp:term":[{"taxonomy":"category","embeddable":true,"href":"https:\/\/blogdorogeriogomes.com.br\/noticias\/wp-json\/wp\/v2\/categories?post=18597"},{"taxonomy":"post_tag","embeddable":true,"href":"https:\/\/blogdorogeriogomes.com.br\/noticias\/wp-json\/wp\/v2\/tags?post=18597"}],"curies":[{"name":"wp","href":"https:\/\/api.w.org\/{rel}","templated":true}]}}