{"id":18604,"date":"2020-10-11T10:32:10","date_gmt":"2020-10-11T10:32:10","guid":{"rendered":"https:\/\/blogdorogeriogomes.com.br\/?p=18604"},"modified":"2020-10-12T12:37:26","modified_gmt":"2020-10-12T12:37:26","slug":"primeiras-pesquisas-devem-apontar-cenario-da-campanha-eleitoral-em-fortaleza-nesta-semana","status":"publish","type":"post","link":"https:\/\/blogdorogeriogomes.com.br\/noticias\/2020\/10\/primeiras-pesquisas-devem-apontar-cenario-da-campanha-eleitoral-em-fortaleza-nesta-semana\/","title":{"rendered":"Primeiras pesquisas devem apontar cen\u00e1rio da campanha eleitoral em Fortaleza nesta semana"},"content":{"rendered":"\n<p>Com o in\u00edcio da propaganda eleitoral no R\u00e1dio e na TV, cresce a expectativa das coliga\u00e7\u00f5es partid\u00e1rias para prefeito de Fortaleza em rela\u00e7\u00e3o \u00e0 posi\u00e7\u00e3o dos candidatos na prefer\u00eancia do eleitor. Nesta semana, as primeiras pesquisas eleitorais, j\u00e1 registradas no Tribunal Regional Eleitoral do Cear\u00e1, devem divulgar os primeiros n\u00fameros acerca da disputa majorit\u00e1ria na Capital.<\/p>\n\n\n\n<p>A expectativa \u00e9 que os institutos Ibope, Datafolha, Paran\u00e1 e Brasil divulguem as suas primeiras pesquisas sobre a prefer\u00eancia do eleitor para prefeito de Fortaleza. Enquanto isso, os candidatos ganham as ruas e tentam tornar conhecidas as suas propostas ao eleitorado.<\/p>\n\n\n\n<p>E vale tudo nessa disputa. At\u00e9 mesmo o apoio de cabos eleitorais importantes, por exemplo. Neste s\u00e1bado, dia 10 de outubro, o governador Camilo Santana, que \u00e9 do PT, usou as redes sociais para elogiar Jos\u00e9 Sarto, candidato do PDT em Fortaleza. Luizianne Lins, do PT, tem usado imagens do governador para atrair a prefer\u00eancia do eleitor da Capital.<\/p>\n\n\n\n<figure class=\"wp-block-image size-large\"><img loading=\"lazy\" decoding=\"async\" width=\"1024\" height=\"647\" src=\"https:\/\/blogdorogeriogomes.com.br\/wp-content\/uploads\/2020\/10\/Cinco-candidatos-01-1024x647-1-1.jpg\" alt=\"\" class=\"wp-image-18605\" srcset=\"https:\/\/blogdorogeriogomes.com.br\/noticias\/wp-content\/uploads\/2020\/10\/Cinco-candidatos-01-1024x647-1-1.jpg 1024w, https:\/\/blogdorogeriogomes.com.br\/noticias\/wp-content\/uploads\/2020\/10\/Cinco-candidatos-01-1024x647-1-1-300x190.jpg 300w, https:\/\/blogdorogeriogomes.com.br\/noticias\/wp-content\/uploads\/2020\/10\/Cinco-candidatos-01-1024x647-1-1-768x485.jpg 768w, https:\/\/blogdorogeriogomes.com.br\/noticias\/wp-content\/uploads\/2020\/10\/Cinco-candidatos-01-1024x647-1-1-800x505.jpg 800w, https:\/\/blogdorogeriogomes.com.br\/noticias\/wp-content\/uploads\/2020\/10\/Cinco-candidatos-01-1024x647-1-1-320x202.jpg 320w, https:\/\/blogdorogeriogomes.com.br\/noticias\/wp-content\/uploads\/2020\/10\/Cinco-candidatos-01-1024x647-1-1-700x441.jpg 700w\" sizes=\"auto, (max-width: 1024px) 100vw, 1024px\" \/><\/figure>\n","protected":false},"excerpt":{"rendered":"<p>Com o in\u00edcio da propaganda eleitoral no R\u00e1dio e na TV, cresce a expectativa das coliga\u00e7\u00f5es partid\u00e1rias para prefeito de Fortaleza em rela\u00e7\u00e3o \u00e0 posi\u00e7\u00e3o dos candidatos na prefer\u00eancia do eleitor. Nesta semana, as primeiras pesquisas eleitorais, j\u00e1 registradas no Tribunal Regional Eleitoral do Cear\u00e1, devem divulgar os primeiros n\u00fameros acerca da disputa majorit\u00e1ria na Capital. A expectativa \u00e9 que os institutos Ibope, Datafolha, Paran\u00e1 e Brasil divulguem as suas primeiras pesquisas sobre a prefer\u00eancia do eleitor para prefeito&hellip;<\/p>\n","protected":false},"author":1,"featured_media":18605,"comment_status":"open","ping_status":"open","sticky":false,"template":"","format":"standard","meta":{"footnotes":""},"categories":[1],"tags":[],"class_list":["post-18604","post","type-post","status-publish","format-standard","has-post-thumbnail","hentry","category-noticias"],"_links":{"self":[{"href":"https:\/\/blogdorogeriogomes.com.br\/noticias\/wp-json\/wp\/v2\/posts\/18604","targetHints":{"allow":["GET"]}}],"collection":[{"href":"https:\/\/blogdorogeriogomes.com.br\/noticias\/wp-json\/wp\/v2\/posts"}],"about":[{"href":"https:\/\/blogdorogeriogomes.com.br\/noticias\/wp-json\/wp\/v2\/types\/post"}],"author":[{"embeddable":true,"href":"https:\/\/blogdorogeriogomes.com.br\/noticias\/wp-json\/wp\/v2\/users\/1"}],"replies":[{"embeddable":true,"href":"https:\/\/blogdorogeriogomes.com.br\/noticias\/wp-json\/wp\/v2\/comments?post=18604"}],"version-history":[{"count":1,"href":"https:\/\/blogdorogeriogomes.com.br\/noticias\/wp-json\/wp\/v2\/posts\/18604\/revisions"}],"predecessor-version":[{"id":18606,"href":"https:\/\/blogdorogeriogomes.com.br\/noticias\/wp-json\/wp\/v2\/posts\/18604\/revisions\/18606"}],"wp:featuredmedia":[{"embeddable":true,"href":"https:\/\/blogdorogeriogomes.com.br\/noticias\/wp-json\/wp\/v2\/media\/18605"}],"wp:attachment":[{"href":"https:\/\/blogdorogeriogomes.com.br\/noticias\/wp-json\/wp\/v2\/media?parent=18604"}],"wp:term":[{"taxonomy":"category","embeddable":true,"href":"https:\/\/blogdorogeriogomes.com.br\/noticias\/wp-json\/wp\/v2\/categories?post=18604"},{"taxonomy":"post_tag","embeddable":true,"href":"https:\/\/blogdorogeriogomes.com.br\/noticias\/wp-json\/wp\/v2\/tags?post=18604"}],"curies":[{"name":"wp","href":"https:\/\/api.w.org\/{rel}","templated":true}]}}