{"id":18607,"date":"2020-10-11T11:03:33","date_gmt":"2020-10-11T11:03:33","guid":{"rendered":"https:\/\/blogdorogeriogomes.com.br\/?p=18607"},"modified":"2020-10-12T12:37:07","modified_gmt":"2020-10-12T12:37:07","slug":"governo-do-ceara-barra-novas-reaberturas-na-economia-diante-do-aparecimento-de-casos-da-covid-19","status":"publish","type":"post","link":"https:\/\/blogdorogeriogomes.com.br\/noticias\/2020\/10\/governo-do-ceara-barra-novas-reaberturas-na-economia-diante-do-aparecimento-de-casos-da-covid-19\/","title":{"rendered":"Governo do Cear\u00e1 barra novas reaberturas na economia diante do aparecimento de casos da Covid-19"},"content":{"rendered":"\n<p>Em pronunciamento pelas redes sociais, neste s\u00e1bado, dia 10 de outubro, o governador do Cear\u00e1, Camilo Santana, disse que n\u00e3o haver\u00e1 nenhum tipo de avan\u00e7o no plano de reabertura econ\u00f4mica nesta semana. E o motivo \u00e9 o surgimento de novos casos da Covid-19. A decis\u00e3o frustrou o setor de bares, que acreditava na libera\u00e7\u00e3o das atividades n\u00f3s pr\u00f3ximos dias. &#8220;N\u00e3o haver\u00e1 avan\u00e7o essa semana no processo de retomada, para que haja uma avalia\u00e7\u00e3o detalhada de todos os n\u00fameros, j\u00e1 que foi detectado um crescimento de casos em algumas \u00e1reas, o que precisa ser rigorosamente estudado&#8221;, afirmou o governador.<\/p>\n\n\n\n<p>As aulas na rede p\u00fablica seguem presenciais e na rede particular, apenas com capacidade reduzida e nas s\u00e9ries autorizadas. Na semana que passou, pelo menos quatro escolas particulares suspenderam aulas presenciais devido ao aparecimento de casos da Covid-19 entre alunos, professores e funcion\u00e1rios.<\/p>\n\n\n\n<p>A preocupa\u00e7\u00e3o no momento tamb\u00e9m envolve a campanha eleitoral, devido ao registro de aglomera\u00e7\u00f5es na Capital e interior. Em 24 munic\u00edpios do Cear\u00e1, partidos pol\u00edticos e TRE firmaram acordo para n\u00e3o realizar  eventos de campanha que gerem aglomera\u00e7\u00f5es. Um n\u00famero reduzido que s\u00f3 representa&nbsp;somente 13% do total de cidades do Estado.<\/p>\n\n\n\n<p>A Secretaria de Sa\u00fade do Cear\u00e1 tem orientado que com\u00edcios, caminhadas, carreatas e reuni\u00f5es com grande n\u00famero de pessoas sejam evitadas. A pasta elaborou um protocolo com medidas de controle e preven\u00e7\u00e3o \u00e0 Covid-19 para a realiza\u00e7\u00e3o das elei\u00e7\u00f5es municipais, marcadas para 15 de novembro.&nbsp;<\/p>\n\n\n\n<figure class=\"wp-block-image size-large\"><img loading=\"lazy\" decoding=\"async\" width=\"600\" height=\"337\" src=\"https:\/\/blogdorogeriogomes.com.br\/wp-content\/uploads\/2020\/10\/martinopole.jpeg\" alt=\"\" class=\"wp-image-18608\" srcset=\"https:\/\/blogdorogeriogomes.com.br\/noticias\/wp-content\/uploads\/2020\/10\/martinopole.jpeg 600w, https:\/\/blogdorogeriogomes.com.br\/noticias\/wp-content\/uploads\/2020\/10\/martinopole-300x169.jpeg 300w\" sizes=\"auto, (max-width: 600px) 100vw, 600px\" \/><\/figure>\n","protected":false},"excerpt":{"rendered":"<p>Em pronunciamento pelas redes sociais, neste s\u00e1bado, dia 10 de outubro, o governador do Cear\u00e1, Camilo Santana, disse que n\u00e3o haver\u00e1 nenhum tipo de avan\u00e7o no plano de reabertura econ\u00f4mica nesta semana. E o motivo \u00e9 o surgimento de novos casos da Covid-19. A decis\u00e3o frustrou o setor de bares, que acreditava na libera\u00e7\u00e3o das atividades n\u00f3s pr\u00f3ximos dias. &#8220;N\u00e3o haver\u00e1 avan\u00e7o essa semana no processo de retomada, para que haja uma avalia\u00e7\u00e3o detalhada de todos os n\u00fameros, j\u00e1&hellip;<\/p>\n","protected":false},"author":1,"featured_media":18608,"comment_status":"open","ping_status":"open","sticky":false,"template":"","format":"standard","meta":{"footnotes":""},"categories":[1],"tags":[],"class_list":["post-18607","post","type-post","status-publish","format-standard","has-post-thumbnail","hentry","category-noticias"],"_links":{"self":[{"href":"https:\/\/blogdorogeriogomes.com.br\/noticias\/wp-json\/wp\/v2\/posts\/18607","targetHints":{"allow":["GET"]}}],"collection":[{"href":"https:\/\/blogdorogeriogomes.com.br\/noticias\/wp-json\/wp\/v2\/posts"}],"about":[{"href":"https:\/\/blogdorogeriogomes.com.br\/noticias\/wp-json\/wp\/v2\/types\/post"}],"author":[{"embeddable":true,"href":"https:\/\/blogdorogeriogomes.com.br\/noticias\/wp-json\/wp\/v2\/users\/1"}],"replies":[{"embeddable":true,"href":"https:\/\/blogdorogeriogomes.com.br\/noticias\/wp-json\/wp\/v2\/comments?post=18607"}],"version-history":[{"count":2,"href":"https:\/\/blogdorogeriogomes.com.br\/noticias\/wp-json\/wp\/v2\/posts\/18607\/revisions"}],"predecessor-version":[{"id":18617,"href":"https:\/\/blogdorogeriogomes.com.br\/noticias\/wp-json\/wp\/v2\/posts\/18607\/revisions\/18617"}],"wp:featuredmedia":[{"embeddable":true,"href":"https:\/\/blogdorogeriogomes.com.br\/noticias\/wp-json\/wp\/v2\/media\/18608"}],"wp:attachment":[{"href":"https:\/\/blogdorogeriogomes.com.br\/noticias\/wp-json\/wp\/v2\/media?parent=18607"}],"wp:term":[{"taxonomy":"category","embeddable":true,"href":"https:\/\/blogdorogeriogomes.com.br\/noticias\/wp-json\/wp\/v2\/categories?post=18607"},{"taxonomy":"post_tag","embeddable":true,"href":"https:\/\/blogdorogeriogomes.com.br\/noticias\/wp-json\/wp\/v2\/tags?post=18607"}],"curies":[{"name":"wp","href":"https:\/\/api.w.org\/{rel}","templated":true}]}}