{"id":18627,"date":"2020-10-13T11:06:05","date_gmt":"2020-10-13T11:06:05","guid":{"rendered":"https:\/\/blogdorogeriogomes.com.br\/?p=18627"},"modified":"2020-10-13T16:29:04","modified_gmt":"2020-10-13T16:29:04","slug":"brasil-atinge-150-mil-mortes-pela-covid-19-mas-ja-apresenta-quadro-de-queda-no-numero-medio-de-casos","status":"publish","type":"post","link":"https:\/\/blogdorogeriogomes.com.br\/noticias\/2020\/10\/brasil-atinge-150-mil-mortes-pela-covid-19-mas-ja-apresenta-quadro-de-queda-no-numero-medio-de-casos\/","title":{"rendered":"Brasil atinge 150 mil mortes pela Covid-19, mas j\u00e1 apresenta quadro de queda no n\u00famero m\u00e9dio de casos"},"content":{"rendered":"\n<p>O Brasil registrou 203 mortes pela Covid-19 nas \u00faltimas 24 horas, chegando ao total de 150.709 \u00f3bitos desde o come\u00e7o da pandemia. Com isso, a m\u00e9dia m\u00f3vel de mortes no Brasil nos \u00faltimos sete dias foi de 562, uma varia\u00e7\u00e3o de -19% em rela\u00e7\u00e3o aos dados registrados em 14 dias. Essa \u00e9 a m\u00e9dia mais baixa registrada desde o dia 9 de maio.<\/p>\n\n\n\n<p>Em casos confirmados, desde o come\u00e7o da pandemia 5.102.603 brasileiros j\u00e1 tiveram ou t\u00eam o novo coronav\u00edrus, com 8.624 desses confirmados no \u00faltimo dia. A m\u00e9dia m\u00f3vel de novos casos foi de 23.158 por dia, uma varia\u00e7\u00e3o de -12% em rela\u00e7\u00e3o aos casos registrados em 14 dias. Ou seja, encontra-se na faixa que aponta estabilidade.<\/p>\n\n\n\n<figure class=\"wp-block-image size-large\"><img loading=\"lazy\" decoding=\"async\" width=\"678\" height=\"452\" src=\"https:\/\/blogdorogeriogomes.com.br\/wp-content\/uploads\/2020\/10\/images-26.jpeg\" alt=\"\" class=\"wp-image-18628\" srcset=\"https:\/\/blogdorogeriogomes.com.br\/noticias\/wp-content\/uploads\/2020\/10\/images-26.jpeg 678w, https:\/\/blogdorogeriogomes.com.br\/noticias\/wp-content\/uploads\/2020\/10\/images-26-300x200.jpeg 300w\" sizes=\"auto, (max-width: 678px) 100vw, 678px\" \/><\/figure>\n\n\n\n<p><br><\/p>\n\n\n\n<p><\/p>\n\n\n\n<p><br><\/p>\n","protected":false},"excerpt":{"rendered":"<p>O Brasil registrou 203 mortes pela Covid-19 nas \u00faltimas 24 horas, chegando ao total de 150.709 \u00f3bitos desde o come\u00e7o da pandemia. Com isso, a m\u00e9dia m\u00f3vel de mortes no Brasil nos \u00faltimos sete dias foi de 562, uma varia\u00e7\u00e3o de -19% em rela\u00e7\u00e3o aos dados registrados em 14 dias. Essa \u00e9 a m\u00e9dia mais baixa registrada desde o dia 9 de maio. Em casos confirmados, desde o come\u00e7o da pandemia 5.102.603 brasileiros j\u00e1 tiveram ou t\u00eam o novo&hellip;<\/p>\n","protected":false},"author":1,"featured_media":18628,"comment_status":"open","ping_status":"open","sticky":false,"template":"","format":"standard","meta":{"footnotes":""},"categories":[1],"tags":[],"class_list":["post-18627","post","type-post","status-publish","format-standard","has-post-thumbnail","hentry","category-noticias"],"_links":{"self":[{"href":"https:\/\/blogdorogeriogomes.com.br\/noticias\/wp-json\/wp\/v2\/posts\/18627","targetHints":{"allow":["GET"]}}],"collection":[{"href":"https:\/\/blogdorogeriogomes.com.br\/noticias\/wp-json\/wp\/v2\/posts"}],"about":[{"href":"https:\/\/blogdorogeriogomes.com.br\/noticias\/wp-json\/wp\/v2\/types\/post"}],"author":[{"embeddable":true,"href":"https:\/\/blogdorogeriogomes.com.br\/noticias\/wp-json\/wp\/v2\/users\/1"}],"replies":[{"embeddable":true,"href":"https:\/\/blogdorogeriogomes.com.br\/noticias\/wp-json\/wp\/v2\/comments?post=18627"}],"version-history":[{"count":1,"href":"https:\/\/blogdorogeriogomes.com.br\/noticias\/wp-json\/wp\/v2\/posts\/18627\/revisions"}],"predecessor-version":[{"id":18629,"href":"https:\/\/blogdorogeriogomes.com.br\/noticias\/wp-json\/wp\/v2\/posts\/18627\/revisions\/18629"}],"wp:featuredmedia":[{"embeddable":true,"href":"https:\/\/blogdorogeriogomes.com.br\/noticias\/wp-json\/wp\/v2\/media\/18628"}],"wp:attachment":[{"href":"https:\/\/blogdorogeriogomes.com.br\/noticias\/wp-json\/wp\/v2\/media?parent=18627"}],"wp:term":[{"taxonomy":"category","embeddable":true,"href":"https:\/\/blogdorogeriogomes.com.br\/noticias\/wp-json\/wp\/v2\/categories?post=18627"},{"taxonomy":"post_tag","embeddable":true,"href":"https:\/\/blogdorogeriogomes.com.br\/noticias\/wp-json\/wp\/v2\/tags?post=18627"}],"curies":[{"name":"wp","href":"https:\/\/api.w.org\/{rel}","templated":true}]}}