{"id":18631,"date":"2020-10-13T18:22:11","date_gmt":"2020-10-13T18:22:11","guid":{"rendered":"https:\/\/blogdorogeriogomes.com.br\/?p=18631"},"modified":"2020-10-15T09:46:23","modified_gmt":"2020-10-15T09:46:23","slug":"prefeito-roberto-claudio-entrega-requalificacao-do-posto-de-saude-lineu-juca","status":"publish","type":"post","link":"https:\/\/blogdorogeriogomes.com.br\/noticias\/2020\/10\/prefeito-roberto-claudio-entrega-requalificacao-do-posto-de-saude-lineu-juca\/","title":{"rendered":"Prefeito Roberto Cl\u00e1udio entrega requalifica\u00e7\u00e3o do Posto de Sa\u00fade Lineu Juc\u00e1"},"content":{"rendered":"\n<p>O prefeito Roberto Cl\u00e1udio entregou, nesta ter\u00e7a-feira, dia 13 de outubro, as novas instala\u00e7\u00f5es do Posto de Sa\u00fade Lineu Juc\u00e1, no bairro Barra do Cear\u00e1, na Regional I. A Unidade de Aten\u00e7\u00e3o Prim\u00e1ria que atende uma popula\u00e7\u00e3o de aproximadamente 16 mil pessoas e recebeu investimento de R$ 430 mil para a requalifica\u00e7\u00e3o numa ampla reforma estrutural.<\/p>\n\n\n\n<p>\u201cEntregamos o posto reformado, com quatro equipes do Programa de Sa\u00fade da Fam\u00edlia completas. No posto ainda temos o N\u00facleo de Apoio \u00e0 Sa\u00fade da Fam\u00edlia, com nutricionista, terapeuta ocupacional, fisioterapeuta e assistente social, al\u00e9m do N\u00facleo de Desenvolvimento Infantil que acompanha o desenvolvimento motor, cognitivo, neurol\u00f3gico das crian\u00e7as nos primeiros anos de vida, fazendo diagn\u00f3stico e est\u00edmulos precoces no posto de sa\u00fade\u201d, disse o prefeito Roberto Cl\u00e1udio.<\/p>\n\n\n\n<p>A unidade tamb\u00e9m possui equipes de sa\u00fade bucal e oferta atendimento em cl\u00ednica m\u00e9dica, enfermagem, odontologia, pr\u00e9-natal, puericultura, atendimento a hipertens\u00e3o, diabetes e demais programas do PSF, assim como imuniza\u00e7\u00e3o e visita domiciliar.<\/p>\n\n\n\n<p>Hoje, Fortaleza conta com 116 Postos de Sa\u00fade, que funcionam como porta de entrada ao Sistema \u00danico de Sa\u00fade (SUS), das 7h \u00e0s 19h, com sistema informatizado e prontu\u00e1rio eletr\u00f4nico.<\/p>\n\n\n\n<figure class=\"wp-block-image size-large\"><img loading=\"lazy\" decoding=\"async\" width=\"1024\" height=\"626\" src=\"https:\/\/blogdorogeriogomes.com.br\/wp-content\/uploads\/2020\/10\/IMG-20201013-WA0061-1024x626.jpg\" alt=\"\" class=\"wp-image-18632\" srcset=\"https:\/\/blogdorogeriogomes.com.br\/noticias\/wp-content\/uploads\/2020\/10\/IMG-20201013-WA0061-1024x626.jpg 1024w, https:\/\/blogdorogeriogomes.com.br\/noticias\/wp-content\/uploads\/2020\/10\/IMG-20201013-WA0061-300x183.jpg 300w, https:\/\/blogdorogeriogomes.com.br\/noticias\/wp-content\/uploads\/2020\/10\/IMG-20201013-WA0061-768x469.jpg 768w, https:\/\/blogdorogeriogomes.com.br\/noticias\/wp-content\/uploads\/2020\/10\/IMG-20201013-WA0061-800x489.jpg 800w, https:\/\/blogdorogeriogomes.com.br\/noticias\/wp-content\/uploads\/2020\/10\/IMG-20201013-WA0061.jpg 1280w\" sizes=\"auto, (max-width: 1024px) 100vw, 1024px\" \/><\/figure>\n","protected":false},"excerpt":{"rendered":"<p>O prefeito Roberto Cl\u00e1udio entregou, nesta ter\u00e7a-feira, dia 13 de outubro, as novas instala\u00e7\u00f5es do Posto de Sa\u00fade Lineu Juc\u00e1, no bairro Barra do Cear\u00e1, na Regional I. A Unidade de Aten\u00e7\u00e3o Prim\u00e1ria que atende uma popula\u00e7\u00e3o de aproximadamente 16 mil pessoas e recebeu investimento de R$ 430 mil para a requalifica\u00e7\u00e3o numa ampla reforma estrutural. \u201cEntregamos o posto reformado, com quatro equipes do Programa de Sa\u00fade da Fam\u00edlia completas. No posto ainda temos o N\u00facleo de Apoio \u00e0&hellip;<\/p>\n","protected":false},"author":1,"featured_media":18632,"comment_status":"open","ping_status":"open","sticky":false,"template":"","format":"standard","meta":{"footnotes":""},"categories":[1],"tags":[],"class_list":["post-18631","post","type-post","status-publish","format-standard","has-post-thumbnail","hentry","category-noticias"],"_links":{"self":[{"href":"https:\/\/blogdorogeriogomes.com.br\/noticias\/wp-json\/wp\/v2\/posts\/18631","targetHints":{"allow":["GET"]}}],"collection":[{"href":"https:\/\/blogdorogeriogomes.com.br\/noticias\/wp-json\/wp\/v2\/posts"}],"about":[{"href":"https:\/\/blogdorogeriogomes.com.br\/noticias\/wp-json\/wp\/v2\/types\/post"}],"author":[{"embeddable":true,"href":"https:\/\/blogdorogeriogomes.com.br\/noticias\/wp-json\/wp\/v2\/users\/1"}],"replies":[{"embeddable":true,"href":"https:\/\/blogdorogeriogomes.com.br\/noticias\/wp-json\/wp\/v2\/comments?post=18631"}],"version-history":[{"count":1,"href":"https:\/\/blogdorogeriogomes.com.br\/noticias\/wp-json\/wp\/v2\/posts\/18631\/revisions"}],"predecessor-version":[{"id":18633,"href":"https:\/\/blogdorogeriogomes.com.br\/noticias\/wp-json\/wp\/v2\/posts\/18631\/revisions\/18633"}],"wp:featuredmedia":[{"embeddable":true,"href":"https:\/\/blogdorogeriogomes.com.br\/noticias\/wp-json\/wp\/v2\/media\/18632"}],"wp:attachment":[{"href":"https:\/\/blogdorogeriogomes.com.br\/noticias\/wp-json\/wp\/v2\/media?parent=18631"}],"wp:term":[{"taxonomy":"category","embeddable":true,"href":"https:\/\/blogdorogeriogomes.com.br\/noticias\/wp-json\/wp\/v2\/categories?post=18631"},{"taxonomy":"post_tag","embeddable":true,"href":"https:\/\/blogdorogeriogomes.com.br\/noticias\/wp-json\/wp\/v2\/tags?post=18631"}],"curies":[{"name":"wp","href":"https:\/\/api.w.org\/{rel}","templated":true}]}}