{"id":18634,"date":"2020-10-13T19:38:44","date_gmt":"2020-10-13T19:38:44","guid":{"rendered":"https:\/\/blogdorogeriogomes.com.br\/?p=18634"},"modified":"2020-10-15T09:46:46","modified_gmt":"2020-10-15T09:46:46","slug":"com-campanhas-em-curso-deputados-estaduais-e-vereadores-de-fortaleza-se-ausentam-de-sessoes-no-legislativo","status":"publish","type":"post","link":"https:\/\/blogdorogeriogomes.com.br\/noticias\/2020\/10\/com-campanhas-em-curso-deputados-estaduais-e-vereadores-de-fortaleza-se-ausentam-de-sessoes-no-legislativo\/","title":{"rendered":"Com campanhas em curso, deputados estaduais e vereadores de Fortaleza se ausentam de sess\u00f5es no Legislativo"},"content":{"rendered":"\n<p>Em tempos de elei\u00e7\u00f5es municipais, os trabalhos legislativos na C\u00e2mara Municipal de Fortaleza e na Assembleia Legislativa do Cear\u00e1 sofrem com a baixa frequ\u00eancia dos parlamentares. Isso porque vereadores e deputados estaduais se encontram envolvidos, direta ou indiretamente, com as campanhas em curso no pleito eleitoral deste ano. O ritmo hoje \u00e9 de uma sess\u00e3o por semana, tanto na AL-CE quanto na CMFor.<\/p>\n\n\n\n<p>Dos 43 membros do Parlamento Municipal, 42 est\u00e3o em busca da reelei\u00e7\u00e3o em 2020. Uma luta que exige f\u00f4lego e articula\u00e7\u00e3o intensa com as suas respectivas bases de apoio, visto que a campanha dura apenas 45 dias, encerrando-se em 15 de novembro. At\u00e9 l\u00e1, as poucas movimenta\u00e7\u00f5es em sess\u00e3o na C\u00e2mara envolvem principalmente debates de posicionamento dos vereadores sobre a disputa \u00e0 Prefeitura de Fortaleza.<\/p>\n\n\n\n<p>Na Assembleia Legislativa, 12 deputados estaduais dos 46 com mandato vigente est\u00e3o dedicados \u00e0 disputa ao cargo de prefeito e vice-prefeito em Fortaleza, na Regi\u00e3o Metropolitana, e tamb\u00e9m no Interior. Dentre eles est\u00e3o os prefeitur\u00e1veis na Capital, Jos\u00e9 Sarto (PDT), Renato Roseno (PSOL) e Heitor Ferrer (SD).<\/p>\n\n\n\n<p>Em Bras\u00edlia, quatro dos 22 deputados cearenses est\u00e3o ausentados para a disputa da Prefeitura de Fortaleza: Capit\u00e3o Wagner (Pros), Luizianne Lins (PT), C\u00e9lio Studart (PV) e Heitor Freire (PSL).<\/p>\n\n\n\n<figure class=\"wp-block-image size-large\"><img loading=\"lazy\" decoding=\"async\" width=\"640\" height=\"480\" src=\"https:\/\/blogdorogeriogomes.com.br\/wp-content\/uploads\/2020\/10\/images-27.jpeg\" alt=\"\" class=\"wp-image-18635\" srcset=\"https:\/\/blogdorogeriogomes.com.br\/noticias\/wp-content\/uploads\/2020\/10\/images-27.jpeg 640w, https:\/\/blogdorogeriogomes.com.br\/noticias\/wp-content\/uploads\/2020\/10\/images-27-300x225.jpeg 300w, https:\/\/blogdorogeriogomes.com.br\/noticias\/wp-content\/uploads\/2020\/10\/images-27-400x300.jpeg 400w\" sizes=\"auto, (max-width: 640px) 100vw, 640px\" \/><\/figure>\n","protected":false},"excerpt":{"rendered":"<p>Em tempos de elei\u00e7\u00f5es municipais, os trabalhos legislativos na C\u00e2mara Municipal de Fortaleza e na Assembleia Legislativa do Cear\u00e1 sofrem com a baixa frequ\u00eancia dos parlamentares. Isso porque vereadores e deputados estaduais se encontram envolvidos, direta ou indiretamente, com as campanhas em curso no pleito eleitoral deste ano. O ritmo hoje \u00e9 de uma sess\u00e3o por semana, tanto na AL-CE quanto na CMFor. Dos 43 membros do Parlamento Municipal, 42 est\u00e3o em busca da reelei\u00e7\u00e3o em 2020. Uma luta&hellip;<\/p>\n","protected":false},"author":1,"featured_media":18635,"comment_status":"open","ping_status":"open","sticky":false,"template":"","format":"standard","meta":{"footnotes":""},"categories":[1],"tags":[],"class_list":["post-18634","post","type-post","status-publish","format-standard","has-post-thumbnail","hentry","category-noticias"],"_links":{"self":[{"href":"https:\/\/blogdorogeriogomes.com.br\/noticias\/wp-json\/wp\/v2\/posts\/18634","targetHints":{"allow":["GET"]}}],"collection":[{"href":"https:\/\/blogdorogeriogomes.com.br\/noticias\/wp-json\/wp\/v2\/posts"}],"about":[{"href":"https:\/\/blogdorogeriogomes.com.br\/noticias\/wp-json\/wp\/v2\/types\/post"}],"author":[{"embeddable":true,"href":"https:\/\/blogdorogeriogomes.com.br\/noticias\/wp-json\/wp\/v2\/users\/1"}],"replies":[{"embeddable":true,"href":"https:\/\/blogdorogeriogomes.com.br\/noticias\/wp-json\/wp\/v2\/comments?post=18634"}],"version-history":[{"count":1,"href":"https:\/\/blogdorogeriogomes.com.br\/noticias\/wp-json\/wp\/v2\/posts\/18634\/revisions"}],"predecessor-version":[{"id":18636,"href":"https:\/\/blogdorogeriogomes.com.br\/noticias\/wp-json\/wp\/v2\/posts\/18634\/revisions\/18636"}],"wp:featuredmedia":[{"embeddable":true,"href":"https:\/\/blogdorogeriogomes.com.br\/noticias\/wp-json\/wp\/v2\/media\/18635"}],"wp:attachment":[{"href":"https:\/\/blogdorogeriogomes.com.br\/noticias\/wp-json\/wp\/v2\/media?parent=18634"}],"wp:term":[{"taxonomy":"category","embeddable":true,"href":"https:\/\/blogdorogeriogomes.com.br\/noticias\/wp-json\/wp\/v2\/categories?post=18634"},{"taxonomy":"post_tag","embeddable":true,"href":"https:\/\/blogdorogeriogomes.com.br\/noticias\/wp-json\/wp\/v2\/tags?post=18634"}],"curies":[{"name":"wp","href":"https:\/\/api.w.org\/{rel}","templated":true}]}}