{"id":18637,"date":"2020-10-14T09:16:30","date_gmt":"2020-10-14T09:16:30","guid":{"rendered":"https:\/\/blogdorogeriogomes.com.br\/?p=18637"},"modified":"2020-10-15T09:45:13","modified_gmt":"2020-10-15T09:45:13","slug":"ciro-gomes-e-dias-toffoli-sao-os-mais-novos-diagnosticados-com-a-covid-19","status":"publish","type":"post","link":"https:\/\/blogdorogeriogomes.com.br\/noticias\/2020\/10\/ciro-gomes-e-dias-toffoli-sao-os-mais-novos-diagnosticados-com-a-covid-19\/","title":{"rendered":"Ciro Gomes e Dias Toffoli s\u00e3o os mais novos diagnosticados com a Covid-19"},"content":{"rendered":"\n<p>O meio pol\u00edtico e jur\u00eddico continua apresentando novos casos da Covid-19. Nesta ter\u00e7a-feira, dia 13 de outubro, o ex-presidente do STF, Dias Toffoli, e o ex-ministro Ciro Gomes foram diagnosticados com a doen\u00e7a e entraram em processo de isolamento. No meio art\u00edstico, o humorista cearense Tirulipa tamb\u00e9m informou estar acometido da Covid-19 e suspendeu a grava\u00e7\u00e3o de um filme que estava fazendo.<\/p>\n\n\n\n<p>&#8220;Mesmo tendo tomado todos os cuidados e de ter seguido os protocolos exigidos pelas autoridades sanit\u00e1rias, apresentou sintomas leves de grupo no \u00faltimo s\u00e1bado, 10, fez o exame e testou positivo para Covid-19&#8221;, disse a assessoria de Ciro Gomes, que assim suspende momentaneamente sua participa\u00e7\u00e3o nas campanhas eleitorais de candidatos do PDT visando o pleito de novembro.<\/p>\n\n\n\n<p>Em Fortaleza, o hospital Leonardo da Vinci, voltado exclusivamente para o tratamento da Covid-19,  chegou a 100% de ocupa\u00e7\u00e3o nesta ter\u00e7a-feira, dia 13.&nbsp;A unidade possui 41 leitos de enfermaria e 26 de unidade de terapia intensiva (UTI), todos ocupados por pessoas com a doen\u00e7a.<\/p>\n\n\n\n<figure class=\"wp-block-image size-large\"><img loading=\"lazy\" decoding=\"async\" width=\"276\" height=\"182\" src=\"https:\/\/blogdorogeriogomes.com.br\/wp-content\/uploads\/2020\/10\/download.jpeg\" alt=\"\" class=\"wp-image-18638\"\/><\/figure>\n","protected":false},"excerpt":{"rendered":"<p>O meio pol\u00edtico e jur\u00eddico continua apresentando novos casos da Covid-19. Nesta ter\u00e7a-feira, dia 13 de outubro, o ex-presidente do STF, Dias Toffoli, e o ex-ministro Ciro Gomes foram diagnosticados com a doen\u00e7a e entraram em processo de isolamento. No meio art\u00edstico, o humorista cearense Tirulipa tamb\u00e9m informou estar acometido da Covid-19 e suspendeu a grava\u00e7\u00e3o de um filme que estava fazendo. &#8220;Mesmo tendo tomado todos os cuidados e de ter seguido os protocolos exigidos pelas autoridades sanit\u00e1rias, apresentou&hellip;<\/p>\n","protected":false},"author":1,"featured_media":18638,"comment_status":"open","ping_status":"open","sticky":false,"template":"","format":"standard","meta":{"footnotes":""},"categories":[1],"tags":[],"class_list":["post-18637","post","type-post","status-publish","format-standard","has-post-thumbnail","hentry","category-noticias"],"_links":{"self":[{"href":"https:\/\/blogdorogeriogomes.com.br\/noticias\/wp-json\/wp\/v2\/posts\/18637","targetHints":{"allow":["GET"]}}],"collection":[{"href":"https:\/\/blogdorogeriogomes.com.br\/noticias\/wp-json\/wp\/v2\/posts"}],"about":[{"href":"https:\/\/blogdorogeriogomes.com.br\/noticias\/wp-json\/wp\/v2\/types\/post"}],"author":[{"embeddable":true,"href":"https:\/\/blogdorogeriogomes.com.br\/noticias\/wp-json\/wp\/v2\/users\/1"}],"replies":[{"embeddable":true,"href":"https:\/\/blogdorogeriogomes.com.br\/noticias\/wp-json\/wp\/v2\/comments?post=18637"}],"version-history":[{"count":2,"href":"https:\/\/blogdorogeriogomes.com.br\/noticias\/wp-json\/wp\/v2\/posts\/18637\/revisions"}],"predecessor-version":[{"id":18655,"href":"https:\/\/blogdorogeriogomes.com.br\/noticias\/wp-json\/wp\/v2\/posts\/18637\/revisions\/18655"}],"wp:featuredmedia":[{"embeddable":true,"href":"https:\/\/blogdorogeriogomes.com.br\/noticias\/wp-json\/wp\/v2\/media\/18638"}],"wp:attachment":[{"href":"https:\/\/blogdorogeriogomes.com.br\/noticias\/wp-json\/wp\/v2\/media?parent=18637"}],"wp:term":[{"taxonomy":"category","embeddable":true,"href":"https:\/\/blogdorogeriogomes.com.br\/noticias\/wp-json\/wp\/v2\/categories?post=18637"},{"taxonomy":"post_tag","embeddable":true,"href":"https:\/\/blogdorogeriogomes.com.br\/noticias\/wp-json\/wp\/v2\/tags?post=18637"}],"curies":[{"name":"wp","href":"https:\/\/api.w.org\/{rel}","templated":true}]}}