{"id":18643,"date":"2020-10-14T14:31:35","date_gmt":"2020-10-14T14:31:35","guid":{"rendered":"https:\/\/blogdorogeriogomes.com.br\/?p=18643"},"modified":"2020-10-15T09:44:05","modified_gmt":"2020-10-15T09:44:05","slug":"camilo-santana-diz-que-capitao-wagner-participou-ativamente-de-motim-de-encapuzados-da-pm","status":"publish","type":"post","link":"https:\/\/blogdorogeriogomes.com.br\/noticias\/2020\/10\/camilo-santana-diz-que-capitao-wagner-participou-ativamente-de-motim-de-encapuzados-da-pm\/","title":{"rendered":"Camilo Santana diz que Capit\u00e3o Wagner participou ativamente de motim de encapuzados da PM"},"content":{"rendered":"\n<p>O primeiro embate mais duro nas elei\u00e7\u00f5es municipais em Fortaleza surgiu entre o governador do Cear\u00e1 e o principal candidato da oposi\u00e7\u00e3o \u00e0 atual gest\u00e3o estadual. Camilo Santana postou em suas redes sociais, nesta quarta-feira, dia 14 de outubro, um texto no qual atribuiu ao candidato Capit\u00e3o Wagner (Pros) a responsabilidade de participar da paralisa\u00e7\u00e3o de policiais militares no in\u00edcio de 2020, assim como a lideran\u00e7a do movimento da PM em 2011.<\/p>\n\n\n\n<p>&#8220;Capit\u00e3o Wagner participou ativamente de manifesta\u00e7\u00f5es com encapuzados, discursou no Batalh\u00e3o dos amotinados e teve seus aliados na linha de frente, todos integrantes de seu grupo pol\u00edtico e candidatos ao seu lado. As not\u00edcias e imagens est\u00e3o a\u00ed para quem quiser ver&#8221;, escreveu Camilo, que tamb\u00e9m destacou a defesa de anistia aos policiais manifestantes feita por Wagner e negada pelo Governo do Cear\u00e1.<\/p>\n\n\n\n<p>A atitude do governador vem como rea\u00e7\u00e3o a uma entrevista ao Di\u00e1rio do Nordeste em que o prefeitur\u00e1vel do Pros afirmou n\u00e3o ter apoiado o motim na Seguran\u00e7a P\u00fablica. &#8220;A popula\u00e7\u00e3o precisa saber da verdade&#8221;, finalizou Camilo Santana, que tem forte alinhamento com o prefeito Roberto Cl\u00e1udio e com a chapa pedetista que tem Jos\u00e9 Sarto como candidato \u00e0 linha sucess\u00f3ria.<\/p>\n\n\n\n<p>Em resposta ao texto de Camilo, Capit\u00e3o Wagner disse que o governador quer cham\u00e1-lo para o &#8220;ringue&#8221;. &#8220;Mas meu foco \u00e9 outro. Minha preocupa\u00e7\u00e3o \u00e9 apresentar para Fortaleza solu\u00e7\u00f5es para os problemas de sa\u00fade p\u00fablica, de emprego e renda, de empreendedorismo, quest\u00f5es relacionadas \u00e0 educa\u00e7\u00e3o. O grupo que est\u00e1 no poder, meio que desesperado&#8221;, provocou.<\/p>\n\n\n\n<figure class=\"wp-block-image size-large\"><img loading=\"lazy\" decoding=\"async\" width=\"1024\" height=\"473\" src=\"https:\/\/blogdorogeriogomes.com.br\/wp-content\/uploads\/2020\/10\/307C4E5B-9C47-48C8-9826-B7E341A004AC-1024x473-1.png\" alt=\"\" class=\"wp-image-18644\" srcset=\"https:\/\/blogdorogeriogomes.com.br\/noticias\/wp-content\/uploads\/2020\/10\/307C4E5B-9C47-48C8-9826-B7E341A004AC-1024x473-1.png 1024w, https:\/\/blogdorogeriogomes.com.br\/noticias\/wp-content\/uploads\/2020\/10\/307C4E5B-9C47-48C8-9826-B7E341A004AC-1024x473-1-300x139.png 300w, https:\/\/blogdorogeriogomes.com.br\/noticias\/wp-content\/uploads\/2020\/10\/307C4E5B-9C47-48C8-9826-B7E341A004AC-1024x473-1-768x355.png 768w, https:\/\/blogdorogeriogomes.com.br\/noticias\/wp-content\/uploads\/2020\/10\/307C4E5B-9C47-48C8-9826-B7E341A004AC-1024x473-1-800x370.png 800w\" sizes=\"auto, (max-width: 1024px) 100vw, 1024px\" \/><\/figure>\n","protected":false},"excerpt":{"rendered":"<p>O primeiro embate mais duro nas elei\u00e7\u00f5es municipais em Fortaleza surgiu entre o governador do Cear\u00e1 e o principal candidato da oposi\u00e7\u00e3o \u00e0 atual gest\u00e3o estadual. Camilo Santana postou em suas redes sociais, nesta quarta-feira, dia 14 de outubro, um texto no qual atribuiu ao candidato Capit\u00e3o Wagner (Pros) a responsabilidade de participar da paralisa\u00e7\u00e3o de policiais militares no in\u00edcio de 2020, assim como a lideran\u00e7a do movimento da PM em 2011. &#8220;Capit\u00e3o Wagner participou ativamente de manifesta\u00e7\u00f5es com&hellip;<\/p>\n","protected":false},"author":1,"featured_media":18644,"comment_status":"open","ping_status":"open","sticky":false,"template":"","format":"standard","meta":{"footnotes":""},"categories":[1],"tags":[],"class_list":["post-18643","post","type-post","status-publish","format-standard","has-post-thumbnail","hentry","category-noticias"],"_links":{"self":[{"href":"https:\/\/blogdorogeriogomes.com.br\/noticias\/wp-json\/wp\/v2\/posts\/18643","targetHints":{"allow":["GET"]}}],"collection":[{"href":"https:\/\/blogdorogeriogomes.com.br\/noticias\/wp-json\/wp\/v2\/posts"}],"about":[{"href":"https:\/\/blogdorogeriogomes.com.br\/noticias\/wp-json\/wp\/v2\/types\/post"}],"author":[{"embeddable":true,"href":"https:\/\/blogdorogeriogomes.com.br\/noticias\/wp-json\/wp\/v2\/users\/1"}],"replies":[{"embeddable":true,"href":"https:\/\/blogdorogeriogomes.com.br\/noticias\/wp-json\/wp\/v2\/comments?post=18643"}],"version-history":[{"count":1,"href":"https:\/\/blogdorogeriogomes.com.br\/noticias\/wp-json\/wp\/v2\/posts\/18643\/revisions"}],"predecessor-version":[{"id":18645,"href":"https:\/\/blogdorogeriogomes.com.br\/noticias\/wp-json\/wp\/v2\/posts\/18643\/revisions\/18645"}],"wp:featuredmedia":[{"embeddable":true,"href":"https:\/\/blogdorogeriogomes.com.br\/noticias\/wp-json\/wp\/v2\/media\/18644"}],"wp:attachment":[{"href":"https:\/\/blogdorogeriogomes.com.br\/noticias\/wp-json\/wp\/v2\/media?parent=18643"}],"wp:term":[{"taxonomy":"category","embeddable":true,"href":"https:\/\/blogdorogeriogomes.com.br\/noticias\/wp-json\/wp\/v2\/categories?post=18643"},{"taxonomy":"post_tag","embeddable":true,"href":"https:\/\/blogdorogeriogomes.com.br\/noticias\/wp-json\/wp\/v2\/tags?post=18643"}],"curies":[{"name":"wp","href":"https:\/\/api.w.org\/{rel}","templated":true}]}}