{"id":18652,"date":"2020-10-15T09:38:55","date_gmt":"2020-10-15T09:38:55","guid":{"rendered":"https:\/\/blogdorogeriogomes.com.br\/?p=18652"},"modified":"2020-10-15T09:42:25","modified_gmt":"2020-10-15T09:42:25","slug":"europa-comeca-a-fechar-mais-uma-vez-as-portas-diante-do-retorno-de-casos-da-covid-19","status":"publish","type":"post","link":"https:\/\/blogdorogeriogomes.com.br\/noticias\/2020\/10\/europa-comeca-a-fechar-mais-uma-vez-as-portas-diante-do-retorno-de-casos-da-covid-19\/","title":{"rendered":"Europa come\u00e7a a fechar mais uma vez as portas diante do retorno de casos da Covid-19"},"content":{"rendered":"\n<p>Enquanto no Brasil muitos pol\u00edticos come\u00e7am a testar positivo para o coronav\u00edrus por causa da exposi\u00e7\u00e3o na campanha eleitoral, na Europa, o sinal de alerta j\u00e1 foi ligado diante do aumento dos casos de Covid-19. A Fran\u00e7a e Portugal, entre outros pa\u00edses europeus, anunciaram medidas especiais diante do disparo de novos casos de infec\u00e7\u00e3o pelo coronav\u00edrus. &#8220;O toque de recolher durar\u00e1 quatro semanas e iremos ao Parlamento para prorrog\u00e1-lo at\u00e9 1\u00ba de dezembro. Seis semanas \u00e9 o tempo que acreditamos ser necess\u00e1rio&#8221;, disse o presidente franc\u00eas, Emmanuel Macron.<\/p>\n\n\n\n<p>O toque de recolher se aplicar\u00e1 entre as 21h e as 6h e entrar\u00e1 em vigor a partir de s\u00e1bado. As pessoas que n\u00e3o cumprirem a medida receber\u00e3o multa de 135 euros (cerca de R$ 887).<\/p>\n\n\n\n<p>Em Portugal, o aumento para mais de dois mil casos de infec\u00e7\u00e3o por coronav\u00edrus por dia foi argumento invocado pelo primeiro-ministro, Ant\u00f3nio Costa, para anunciar a imposi\u00e7\u00e3o da situa\u00e7\u00e3o de calamidade em todo o pa\u00eds. O relat\u00f3rio de quarta-feira, dia 14, da Dire\u00e7\u00e3o Geral de Sa\u00fade fala em mais 2.072 infe\u00e7\u00f5es e sete mortos.<\/p>\n\n\n\n<figure class=\"wp-block-image size-large\"><img loading=\"lazy\" decoding=\"async\" width=\"450\" height=\"337\" src=\"https:\/\/blogdorogeriogomes.com.br\/wp-content\/uploads\/2020\/10\/images-31.jpeg\" alt=\"\" class=\"wp-image-18653\" srcset=\"https:\/\/blogdorogeriogomes.com.br\/noticias\/wp-content\/uploads\/2020\/10\/images-31.jpeg 450w, https:\/\/blogdorogeriogomes.com.br\/noticias\/wp-content\/uploads\/2020\/10\/images-31-300x225.jpeg 300w, https:\/\/blogdorogeriogomes.com.br\/noticias\/wp-content\/uploads\/2020\/10\/images-31-400x300.jpeg 400w\" sizes=\"auto, (max-width: 450px) 100vw, 450px\" \/><\/figure>\n","protected":false},"excerpt":{"rendered":"<p>Enquanto no Brasil muitos pol\u00edticos come\u00e7am a testar positivo para o coronav\u00edrus por causa da exposi\u00e7\u00e3o na campanha eleitoral, na Europa, o sinal de alerta j\u00e1 foi ligado diante do aumento dos casos de Covid-19. A Fran\u00e7a e Portugal, entre outros pa\u00edses europeus, anunciaram medidas especiais diante do disparo de novos casos de infec\u00e7\u00e3o pelo coronav\u00edrus. &#8220;O toque de recolher durar\u00e1 quatro semanas e iremos ao Parlamento para prorrog\u00e1-lo at\u00e9 1\u00ba de dezembro. Seis semanas \u00e9 o tempo que&hellip;<\/p>\n","protected":false},"author":1,"featured_media":18653,"comment_status":"open","ping_status":"open","sticky":false,"template":"","format":"standard","meta":{"footnotes":""},"categories":[1],"tags":[],"class_list":["post-18652","post","type-post","status-publish","format-standard","has-post-thumbnail","hentry","category-noticias"],"_links":{"self":[{"href":"https:\/\/blogdorogeriogomes.com.br\/noticias\/wp-json\/wp\/v2\/posts\/18652","targetHints":{"allow":["GET"]}}],"collection":[{"href":"https:\/\/blogdorogeriogomes.com.br\/noticias\/wp-json\/wp\/v2\/posts"}],"about":[{"href":"https:\/\/blogdorogeriogomes.com.br\/noticias\/wp-json\/wp\/v2\/types\/post"}],"author":[{"embeddable":true,"href":"https:\/\/blogdorogeriogomes.com.br\/noticias\/wp-json\/wp\/v2\/users\/1"}],"replies":[{"embeddable":true,"href":"https:\/\/blogdorogeriogomes.com.br\/noticias\/wp-json\/wp\/v2\/comments?post=18652"}],"version-history":[{"count":1,"href":"https:\/\/blogdorogeriogomes.com.br\/noticias\/wp-json\/wp\/v2\/posts\/18652\/revisions"}],"predecessor-version":[{"id":18654,"href":"https:\/\/blogdorogeriogomes.com.br\/noticias\/wp-json\/wp\/v2\/posts\/18652\/revisions\/18654"}],"wp:featuredmedia":[{"embeddable":true,"href":"https:\/\/blogdorogeriogomes.com.br\/noticias\/wp-json\/wp\/v2\/media\/18653"}],"wp:attachment":[{"href":"https:\/\/blogdorogeriogomes.com.br\/noticias\/wp-json\/wp\/v2\/media?parent=18652"}],"wp:term":[{"taxonomy":"category","embeddable":true,"href":"https:\/\/blogdorogeriogomes.com.br\/noticias\/wp-json\/wp\/v2\/categories?post=18652"},{"taxonomy":"post_tag","embeddable":true,"href":"https:\/\/blogdorogeriogomes.com.br\/noticias\/wp-json\/wp\/v2\/tags?post=18652"}],"curies":[{"name":"wp","href":"https:\/\/api.w.org\/{rel}","templated":true}]}}