{"id":18656,"date":"2020-10-15T18:31:51","date_gmt":"2020-10-15T18:31:51","guid":{"rendered":"https:\/\/blogdorogeriogomes.com.br\/?p=18656"},"modified":"2020-10-15T18:31:52","modified_gmt":"2020-10-15T18:31:52","slug":"covid-19-mpce-alerta-partidos-sobre-desrespeito-as-normas-sanitarias-na-campanha-eleitoral-em-fortaleza","status":"publish","type":"post","link":"https:\/\/blogdorogeriogomes.com.br\/noticias\/2020\/10\/covid-19-mpce-alerta-partidos-sobre-desrespeito-as-normas-sanitarias-na-campanha-eleitoral-em-fortaleza\/","title":{"rendered":"Covid-19: MPCE alerta partidos sobre desrespeito \u00e0s normas sanit\u00e1rias na campanha eleitoral em Fortaleza"},"content":{"rendered":"\n<p>O Minist\u00e9rio P\u00fablico do Estado do Cear\u00e1 (MPCE) acionou os partidos envolvidos nas elei\u00e7\u00f5es municipais em Fortaleza sobre a s\u00e9rie de normas sanit\u00e1rias de combate ao Covid-19 desrespeitadas em atos de campanha. De acordo com o \u00f3rg\u00e3o estadual, o objetivo da a\u00e7\u00e3o foi chamar aten\u00e7\u00e3o dos candidatos e seus aliados quanto \u00e0 necessidade de todos manterem a preven\u00e7\u00e3o diante da pandemia do novo coronav\u00edrus.<\/p>\n\n\n\n<p>Na \u00faltima quarta-feira, dia 14 de outubro, o MPCE realizou audi\u00eancia com a participa\u00e7\u00e3o de partidos que est\u00e3o engajados na disputa \u00e0 Prefeitura de Fortaleza, na qual foram debatidas as principais quest\u00f5es sobre o cen\u00e1rio da sa\u00fade na Capital.<\/p>\n\n\n\n<p>As medidas sanit\u00e1rias est\u00e3o previstas no decreto estadual que trata da pandemia do Covid-19. A Secretaria da Sa\u00fade do Cear\u00e1 aponta aumento recente de casos e as autoridades de seguran\u00e7a demonstram preocupa\u00e7\u00e3o quanto \u00e0s aglomera\u00e7\u00f5es e a falta de uso de m\u00e1scaras nas agendas de campanha.<\/p>\n\n\n\n<p>Nos \u00faltimos dias, testaram positivo para o novo coronav\u00edrus o governador Camilo Santana, a primeira-dama On\u00e9lia Santana, o candidato \u00e0 prefeito Jos\u00e9 Sarto (PDT) e Ciro Gomes (PDT).<\/p>\n\n\n\n<figure class=\"wp-block-image size-large\"><img loading=\"lazy\" decoding=\"async\" width=\"654\" height=\"469\" src=\"https:\/\/blogdorogeriogomes.com.br\/wp-content\/uploads\/2020\/10\/images-32.jpeg\" alt=\"\" class=\"wp-image-18657\" srcset=\"https:\/\/blogdorogeriogomes.com.br\/noticias\/wp-content\/uploads\/2020\/10\/images-32.jpeg 654w, https:\/\/blogdorogeriogomes.com.br\/noticias\/wp-content\/uploads\/2020\/10\/images-32-300x215.jpeg 300w\" sizes=\"auto, (max-width: 654px) 100vw, 654px\" \/><\/figure>\n","protected":false},"excerpt":{"rendered":"<p>O Minist\u00e9rio P\u00fablico do Estado do Cear\u00e1 (MPCE) acionou os partidos envolvidos nas elei\u00e7\u00f5es municipais em Fortaleza sobre a s\u00e9rie de normas sanit\u00e1rias de combate ao Covid-19 desrespeitadas em atos de campanha. De acordo com o \u00f3rg\u00e3o estadual, o objetivo da a\u00e7\u00e3o foi chamar aten\u00e7\u00e3o dos candidatos e seus aliados quanto \u00e0 necessidade de todos manterem a preven\u00e7\u00e3o diante da pandemia do novo coronav\u00edrus. Na \u00faltima quarta-feira, dia 14 de outubro, o MPCE realizou audi\u00eancia com a participa\u00e7\u00e3o de&hellip;<\/p>\n","protected":false},"author":1,"featured_media":0,"comment_status":"open","ping_status":"open","sticky":false,"template":"","format":"standard","meta":{"footnotes":""},"categories":[1],"tags":[],"class_list":["post-18656","post","type-post","status-publish","format-standard","hentry","category-noticias"],"_links":{"self":[{"href":"https:\/\/blogdorogeriogomes.com.br\/noticias\/wp-json\/wp\/v2\/posts\/18656","targetHints":{"allow":["GET"]}}],"collection":[{"href":"https:\/\/blogdorogeriogomes.com.br\/noticias\/wp-json\/wp\/v2\/posts"}],"about":[{"href":"https:\/\/blogdorogeriogomes.com.br\/noticias\/wp-json\/wp\/v2\/types\/post"}],"author":[{"embeddable":true,"href":"https:\/\/blogdorogeriogomes.com.br\/noticias\/wp-json\/wp\/v2\/users\/1"}],"replies":[{"embeddable":true,"href":"https:\/\/blogdorogeriogomes.com.br\/noticias\/wp-json\/wp\/v2\/comments?post=18656"}],"version-history":[{"count":1,"href":"https:\/\/blogdorogeriogomes.com.br\/noticias\/wp-json\/wp\/v2\/posts\/18656\/revisions"}],"predecessor-version":[{"id":18658,"href":"https:\/\/blogdorogeriogomes.com.br\/noticias\/wp-json\/wp\/v2\/posts\/18656\/revisions\/18658"}],"wp:attachment":[{"href":"https:\/\/blogdorogeriogomes.com.br\/noticias\/wp-json\/wp\/v2\/media?parent=18656"}],"wp:term":[{"taxonomy":"category","embeddable":true,"href":"https:\/\/blogdorogeriogomes.com.br\/noticias\/wp-json\/wp\/v2\/categories?post=18656"},{"taxonomy":"post_tag","embeddable":true,"href":"https:\/\/blogdorogeriogomes.com.br\/noticias\/wp-json\/wp\/v2\/tags?post=18656"}],"curies":[{"name":"wp","href":"https:\/\/api.w.org\/{rel}","templated":true}]}}