{"id":18659,"date":"2020-10-15T19:16:27","date_gmt":"2020-10-15T19:16:27","guid":{"rendered":"https:\/\/blogdorogeriogomes.com.br\/?p=18659"},"modified":"2020-10-15T19:16:29","modified_gmt":"2020-10-15T19:16:29","slug":"camilo-anuncia-construcao-de-nova-unidade-do-corpo-de-bombeiros-no-terreno-do-edificio-andrea","status":"publish","type":"post","link":"https:\/\/blogdorogeriogomes.com.br\/noticias\/2020\/10\/camilo-anuncia-construcao-de-nova-unidade-do-corpo-de-bombeiros-no-terreno-do-edificio-andrea\/","title":{"rendered":"Camilo anuncia constru\u00e7\u00e3o de nova unidade do Corpo de Bombeiros no terreno do Edif\u00edcio Andrea"},"content":{"rendered":"\n<p>Um ano ap\u00f3s o desabamento do Edif\u00edcio Andrea no bairro Dion\u00edsio Torres, em Fortaleza, o governador Camilo Santana anunciou nesta quinta-feira, dia 15 de outubro, que ser\u00e1 constru\u00eddo pelo Governo do Cear\u00e1 o Quartel do Corpo de Bombeiros 15 de Outubro, no local onde ocorreu a trag\u00e9dia. Segundo o chefe executivo, a escolha veio como respeito \u00e0 mem\u00f3ria das v\u00edtimas e a amplia\u00e7\u00e3o dos servi\u00e7os dos bombeiros.<\/p>\n\n\n\n<p>&#8220;Presto minha homenagem \u00e0s v\u00edtimas e anuncio a constru\u00e7\u00e3o do Quartel do Corpo de Bombeiros 15 de Outubro, no exato local da trag\u00e9dia, e que agora ir\u00e1 servir \u00e0 sociedade na nobre miss\u00e3o de salvar vidas&#8221;, escreveu Camilo Santana em suas redes sociais.<\/p>\n\n\n\n<p>No novo equipamento, ser\u00e1 erguido um memorial dedicado \u00e0s fam\u00edlias que perderam entes queridos na queda do edif\u00edcio.<\/p>\n\n\n\n<p>O Edif\u00edcio Andrea desabou no dia 15 de outubro do ano passado e deixou sete mortos. Sete pessoas foram resgatadas com vida, em opera\u00e7\u00e3o que contou com intenso trabalho do Corpo de Bombeiros no local. A investiga\u00e7\u00e3o sobre o caso segue ativa. Foram indiciados pela Pol\u00edcia Civil dois engenheiros e um pedreiro. A Prefeitura de Fortaleza pagou indeniza\u00e7\u00e3o no valor de R$ 1,78 milh\u00e3o aos propriet\u00e1rios dos apartamentos do edif\u00edcio pela desapropria\u00e7\u00e3o do terreno.<\/p>\n\n\n\n<figure class=\"wp-block-image size-large\"><img loading=\"lazy\" decoding=\"async\" width=\"1024\" height=\"684\" src=\"https:\/\/blogdorogeriogomes.com.br\/wp-content\/uploads\/2020\/10\/DSC_4620-1200x801-1-1024x684.jpg\" alt=\"\" class=\"wp-image-18660\" srcset=\"https:\/\/blogdorogeriogomes.com.br\/noticias\/wp-content\/uploads\/2020\/10\/DSC_4620-1200x801-1-1024x684.jpg 1024w, https:\/\/blogdorogeriogomes.com.br\/noticias\/wp-content\/uploads\/2020\/10\/DSC_4620-1200x801-1-300x200.jpg 300w, https:\/\/blogdorogeriogomes.com.br\/noticias\/wp-content\/uploads\/2020\/10\/DSC_4620-1200x801-1-768x513.jpg 768w, https:\/\/blogdorogeriogomes.com.br\/noticias\/wp-content\/uploads\/2020\/10\/DSC_4620-1200x801-1-800x534.jpg 800w, https:\/\/blogdorogeriogomes.com.br\/noticias\/wp-content\/uploads\/2020\/10\/DSC_4620-1200x801-1.jpg 1200w\" sizes=\"auto, (max-width: 1024px) 100vw, 1024px\" \/><\/figure>\n","protected":false},"excerpt":{"rendered":"<p>Um ano ap\u00f3s o desabamento do Edif\u00edcio Andrea no bairro Dion\u00edsio Torres, em Fortaleza, o governador Camilo Santana anunciou nesta quinta-feira, dia 15 de outubro, que ser\u00e1 constru\u00eddo pelo Governo do Cear\u00e1 o Quartel do Corpo de Bombeiros 15 de Outubro, no local onde ocorreu a trag\u00e9dia. Segundo o chefe executivo, a escolha veio como respeito \u00e0 mem\u00f3ria das v\u00edtimas e a amplia\u00e7\u00e3o dos servi\u00e7os dos bombeiros. &#8220;Presto minha homenagem \u00e0s v\u00edtimas e anuncio a constru\u00e7\u00e3o do Quartel do&hellip;<\/p>\n","protected":false},"author":1,"featured_media":0,"comment_status":"open","ping_status":"open","sticky":false,"template":"","format":"standard","meta":{"footnotes":""},"categories":[1],"tags":[],"class_list":["post-18659","post","type-post","status-publish","format-standard","hentry","category-noticias"],"_links":{"self":[{"href":"https:\/\/blogdorogeriogomes.com.br\/noticias\/wp-json\/wp\/v2\/posts\/18659","targetHints":{"allow":["GET"]}}],"collection":[{"href":"https:\/\/blogdorogeriogomes.com.br\/noticias\/wp-json\/wp\/v2\/posts"}],"about":[{"href":"https:\/\/blogdorogeriogomes.com.br\/noticias\/wp-json\/wp\/v2\/types\/post"}],"author":[{"embeddable":true,"href":"https:\/\/blogdorogeriogomes.com.br\/noticias\/wp-json\/wp\/v2\/users\/1"}],"replies":[{"embeddable":true,"href":"https:\/\/blogdorogeriogomes.com.br\/noticias\/wp-json\/wp\/v2\/comments?post=18659"}],"version-history":[{"count":1,"href":"https:\/\/blogdorogeriogomes.com.br\/noticias\/wp-json\/wp\/v2\/posts\/18659\/revisions"}],"predecessor-version":[{"id":18661,"href":"https:\/\/blogdorogeriogomes.com.br\/noticias\/wp-json\/wp\/v2\/posts\/18659\/revisions\/18661"}],"wp:attachment":[{"href":"https:\/\/blogdorogeriogomes.com.br\/noticias\/wp-json\/wp\/v2\/media?parent=18659"}],"wp:term":[{"taxonomy":"category","embeddable":true,"href":"https:\/\/blogdorogeriogomes.com.br\/noticias\/wp-json\/wp\/v2\/categories?post=18659"},{"taxonomy":"post_tag","embeddable":true,"href":"https:\/\/blogdorogeriogomes.com.br\/noticias\/wp-json\/wp\/v2\/tags?post=18659"}],"curies":[{"name":"wp","href":"https:\/\/api.w.org\/{rel}","templated":true}]}}