{"id":18671,"date":"2020-10-16T23:19:12","date_gmt":"2020-10-16T23:19:12","guid":{"rendered":"https:\/\/blogdorogeriogomes.com.br\/?p=18671"},"modified":"2020-10-19T13:25:49","modified_gmt":"2020-10-19T13:25:49","slug":"ministro-rogerio-marinho-participa-de-entrega-do-residencial-alto-da-paz-em-fortaleza","status":"publish","type":"post","link":"https:\/\/blogdorogeriogomes.com.br\/noticias\/2020\/10\/ministro-rogerio-marinho-participa-de-entrega-do-residencial-alto-da-paz-em-fortaleza\/","title":{"rendered":"Ministro Rog\u00e9rio Marinho participa de entrega do Residencial Alto da Paz em Fortaleza"},"content":{"rendered":"\n<p>O ministro do Desenvolvimento Regional, Rog\u00e9rio Marinho, esteve em Fortaleza, nesta sexta-feira, dia 16 de outubro, onde participou da entrega de 1.111 unidades habitacionais no Residencial Alto da Paz ao lado da vice-governadora do Cear\u00e1, Izolda Cela, e da secret\u00e1ria de Habita\u00e7\u00e3o de Fortaleza, Olinda Marques.&nbsp;<\/p>\n\n\n\n<p>Rog\u00e9rio Marinho tamb\u00e9m participou do lan\u00e7amento das medidas de apoio para o desenvolvimento do Norte e Nordeste, no audit\u00f3rio da FIEC. Ele reafirmou o compromisso de retomar obras que estavam paradas, incluindo as de \u00e1gua, infraestrutura e de seguran\u00e7a h\u00eddrica da Codevasf, do DNOCS e outros \u00f3rg\u00e3os do minist\u00e9rio.&nbsp;<\/p>\n\n\n\n<figure class=\"wp-block-image size-large\"><img loading=\"lazy\" decoding=\"async\" width=\"1024\" height=\"876\" src=\"https:\/\/blogdorogeriogomes.com.br\/wp-content\/uploads\/2020\/10\/IMG-20201016-WA0121-1024x876.jpg\" alt=\"\" class=\"wp-image-18672\" srcset=\"https:\/\/blogdorogeriogomes.com.br\/noticias\/wp-content\/uploads\/2020\/10\/IMG-20201016-WA0121-1024x876.jpg 1024w, https:\/\/blogdorogeriogomes.com.br\/noticias\/wp-content\/uploads\/2020\/10\/IMG-20201016-WA0121-300x257.jpg 300w, https:\/\/blogdorogeriogomes.com.br\/noticias\/wp-content\/uploads\/2020\/10\/IMG-20201016-WA0121-768x657.jpg 768w, https:\/\/blogdorogeriogomes.com.br\/noticias\/wp-content\/uploads\/2020\/10\/IMG-20201016-WA0121-800x684.jpg 800w, https:\/\/blogdorogeriogomes.com.br\/noticias\/wp-content\/uploads\/2020\/10\/IMG-20201016-WA0121.jpg 1280w\" sizes=\"auto, (max-width: 1024px) 100vw, 1024px\" \/><\/figure>\n","protected":false},"excerpt":{"rendered":"<p>O ministro do Desenvolvimento Regional, Rog\u00e9rio Marinho, esteve em Fortaleza, nesta sexta-feira, dia 16 de outubro, onde participou da entrega de 1.111 unidades habitacionais no Residencial Alto da Paz ao lado da vice-governadora do Cear\u00e1, Izolda Cela, e da secret\u00e1ria de Habita\u00e7\u00e3o de Fortaleza, Olinda Marques.&nbsp; Rog\u00e9rio Marinho tamb\u00e9m participou do lan\u00e7amento das medidas de apoio para o desenvolvimento do Norte e Nordeste, no audit\u00f3rio da FIEC. Ele reafirmou o compromisso de retomar obras que estavam paradas, incluindo as&hellip;<\/p>\n","protected":false},"author":1,"featured_media":18672,"comment_status":"open","ping_status":"open","sticky":false,"template":"","format":"standard","meta":{"footnotes":""},"categories":[1],"tags":[],"class_list":["post-18671","post","type-post","status-publish","format-standard","has-post-thumbnail","hentry","category-noticias"],"_links":{"self":[{"href":"https:\/\/blogdorogeriogomes.com.br\/noticias\/wp-json\/wp\/v2\/posts\/18671","targetHints":{"allow":["GET"]}}],"collection":[{"href":"https:\/\/blogdorogeriogomes.com.br\/noticias\/wp-json\/wp\/v2\/posts"}],"about":[{"href":"https:\/\/blogdorogeriogomes.com.br\/noticias\/wp-json\/wp\/v2\/types\/post"}],"author":[{"embeddable":true,"href":"https:\/\/blogdorogeriogomes.com.br\/noticias\/wp-json\/wp\/v2\/users\/1"}],"replies":[{"embeddable":true,"href":"https:\/\/blogdorogeriogomes.com.br\/noticias\/wp-json\/wp\/v2\/comments?post=18671"}],"version-history":[{"count":2,"href":"https:\/\/blogdorogeriogomes.com.br\/noticias\/wp-json\/wp\/v2\/posts\/18671\/revisions"}],"predecessor-version":[{"id":18698,"href":"https:\/\/blogdorogeriogomes.com.br\/noticias\/wp-json\/wp\/v2\/posts\/18671\/revisions\/18698"}],"wp:featuredmedia":[{"embeddable":true,"href":"https:\/\/blogdorogeriogomes.com.br\/noticias\/wp-json\/wp\/v2\/media\/18672"}],"wp:attachment":[{"href":"https:\/\/blogdorogeriogomes.com.br\/noticias\/wp-json\/wp\/v2\/media?parent=18671"}],"wp:term":[{"taxonomy":"category","embeddable":true,"href":"https:\/\/blogdorogeriogomes.com.br\/noticias\/wp-json\/wp\/v2\/categories?post=18671"},{"taxonomy":"post_tag","embeddable":true,"href":"https:\/\/blogdorogeriogomes.com.br\/noticias\/wp-json\/wp\/v2\/tags?post=18671"}],"curies":[{"name":"wp","href":"https:\/\/api.w.org\/{rel}","templated":true}]}}