{"id":18676,"date":"2020-10-17T13:44:20","date_gmt":"2020-10-17T13:44:20","guid":{"rendered":"https:\/\/blogdorogeriogomes.com.br\/?p=18676"},"modified":"2020-10-19T13:25:06","modified_gmt":"2020-10-19T13:25:06","slug":"luizianne-lins-minimiza-acenos-de-camilo-santana-para-a-candidatura-de-jose-sarto-em-fortaleza","status":"publish","type":"post","link":"https:\/\/blogdorogeriogomes.com.br\/noticias\/2020\/10\/luizianne-lins-minimiza-acenos-de-camilo-santana-para-a-candidatura-de-jose-sarto-em-fortaleza\/","title":{"rendered":"Luizianne Lins minimiza acenos de Camilo Santana para a candidatura de Jos\u00e9 Sarto em Fortaleza"},"content":{"rendered":"\n<p>Em entrevista concedida nesta sexta-feira, dia 16 de outubro, \u00e0 TV Di\u00e1rio, a candidata do PT \u00e0 Prefeitura de Fortaleza, Luizianne Lins, minimizou os acenos do governador do Cear\u00e1, Camilo Santana (PT), \u00e0 candidatura de Jos\u00e9 Sarto, do PDT. Ela reconheceu a parceria pol\u00edtica e administrativa que o governador petista tem com o atual prefeito da Capital, Roberto Cl\u00e1udio (PDT), mas afirmou que continuar\u00e1 usando a imagem de Camilo na campanha porque &#8220;n\u00e3o tem vergonha das pessoas que est\u00e3o junto comigo&#8221;.<\/p>\n\n\n\n<p>Luizianne n\u00e3o deixou de alfinetar a candidatura de Capit\u00e3o Wagner (Pros), que tem liga\u00e7\u00e3o com o presidente Jair Bolsonaro, mas que em determinados setores do eleitorado, tenta omitir ou minimizar essa parceria. &#8220;Se ele (Camilo Santana) tem uma parceria pol\u00edtica e administrativa com o candidato Sarto, que \u00e9 o candidato dos Ferreira Gomes, tenho parceria pol\u00edtico-partid\u00e1ria (com ele), e quando a gente voltar a governar essa cidade, n\u00f3s teremos uma parceria pol\u00edtico-administrativa com o governador. N\u00f3s estamos usando a imagem porque o Camilo \u00e9 do PT, do presidente Lula. Eu n\u00e3o tenho vergonha das pessoas que est\u00e3o junto comigo nessa empreitada, diferente de alguns candidatos que est\u00e3o escondendo seus l\u00edderes nacionais&#8221;, ressaltou a candidata do PT.<\/p>\n\n\n\n<figure class=\"wp-block-image size-large\"><img loading=\"lazy\" decoding=\"async\" width=\"1024\" height=\"682\" src=\"https:\/\/blogdorogeriogomes.com.br\/wp-content\/uploads\/2020\/10\/luizianne-1024x682-1.jpg\" alt=\"\" class=\"wp-image-18677\" srcset=\"https:\/\/blogdorogeriogomes.com.br\/noticias\/wp-content\/uploads\/2020\/10\/luizianne-1024x682-1.jpg 1024w, https:\/\/blogdorogeriogomes.com.br\/noticias\/wp-content\/uploads\/2020\/10\/luizianne-1024x682-1-300x200.jpg 300w, https:\/\/blogdorogeriogomes.com.br\/noticias\/wp-content\/uploads\/2020\/10\/luizianne-1024x682-1-768x512.jpg 768w, https:\/\/blogdorogeriogomes.com.br\/noticias\/wp-content\/uploads\/2020\/10\/luizianne-1024x682-1-800x533.jpg 800w\" sizes=\"auto, (max-width: 1024px) 100vw, 1024px\" \/><\/figure>\n","protected":false},"excerpt":{"rendered":"<p>Em entrevista concedida nesta sexta-feira, dia 16 de outubro, \u00e0 TV Di\u00e1rio, a candidata do PT \u00e0 Prefeitura de Fortaleza, Luizianne Lins, minimizou os acenos do governador do Cear\u00e1, Camilo Santana (PT), \u00e0 candidatura de Jos\u00e9 Sarto, do PDT. Ela reconheceu a parceria pol\u00edtica e administrativa que o governador petista tem com o atual prefeito da Capital, Roberto Cl\u00e1udio (PDT), mas afirmou que continuar\u00e1 usando a imagem de Camilo na campanha porque &#8220;n\u00e3o tem vergonha das pessoas que est\u00e3o&hellip;<\/p>\n","protected":false},"author":1,"featured_media":18677,"comment_status":"open","ping_status":"open","sticky":false,"template":"","format":"standard","meta":{"footnotes":""},"categories":[1],"tags":[],"class_list":["post-18676","post","type-post","status-publish","format-standard","has-post-thumbnail","hentry","category-noticias"],"_links":{"self":[{"href":"https:\/\/blogdorogeriogomes.com.br\/noticias\/wp-json\/wp\/v2\/posts\/18676","targetHints":{"allow":["GET"]}}],"collection":[{"href":"https:\/\/blogdorogeriogomes.com.br\/noticias\/wp-json\/wp\/v2\/posts"}],"about":[{"href":"https:\/\/blogdorogeriogomes.com.br\/noticias\/wp-json\/wp\/v2\/types\/post"}],"author":[{"embeddable":true,"href":"https:\/\/blogdorogeriogomes.com.br\/noticias\/wp-json\/wp\/v2\/users\/1"}],"replies":[{"embeddable":true,"href":"https:\/\/blogdorogeriogomes.com.br\/noticias\/wp-json\/wp\/v2\/comments?post=18676"}],"version-history":[{"count":1,"href":"https:\/\/blogdorogeriogomes.com.br\/noticias\/wp-json\/wp\/v2\/posts\/18676\/revisions"}],"predecessor-version":[{"id":18678,"href":"https:\/\/blogdorogeriogomes.com.br\/noticias\/wp-json\/wp\/v2\/posts\/18676\/revisions\/18678"}],"wp:featuredmedia":[{"embeddable":true,"href":"https:\/\/blogdorogeriogomes.com.br\/noticias\/wp-json\/wp\/v2\/media\/18677"}],"wp:attachment":[{"href":"https:\/\/blogdorogeriogomes.com.br\/noticias\/wp-json\/wp\/v2\/media?parent=18676"}],"wp:term":[{"taxonomy":"category","embeddable":true,"href":"https:\/\/blogdorogeriogomes.com.br\/noticias\/wp-json\/wp\/v2\/categories?post=18676"},{"taxonomy":"post_tag","embeddable":true,"href":"https:\/\/blogdorogeriogomes.com.br\/noticias\/wp-json\/wp\/v2\/tags?post=18676"}],"curies":[{"name":"wp","href":"https:\/\/api.w.org\/{rel}","templated":true}]}}