{"id":18679,"date":"2020-10-17T14:07:50","date_gmt":"2020-10-17T14:07:50","guid":{"rendered":"https:\/\/blogdorogeriogomes.com.br\/?p=18679"},"modified":"2020-10-19T13:24:52","modified_gmt":"2020-10-19T13:24:52","slug":"protocolo-sanitario-para-passageiros-que-desembarcarem-da-europa-em-fortaleza-devera-incluir-testagem-obrigatoria-para-covid-19","status":"publish","type":"post","link":"https:\/\/blogdorogeriogomes.com.br\/noticias\/2020\/10\/protocolo-sanitario-para-passageiros-que-desembarcarem-da-europa-em-fortaleza-devera-incluir-testagem-obrigatoria-para-covid-19\/","title":{"rendered":"Protocolo sanit\u00e1rio para passageiros que desembarcarem da Europa em Fortaleza dever\u00e1 incluir testagem obrigat\u00f3ria para Covid-19"},"content":{"rendered":"\n<p>Ap\u00f3s mais de cinco meses, a companhia a\u00e9rea Air France-KLM retomou, nesta sexta-feira, dia 16 de outubro, uma das frequ\u00eancias semanais que liga Fortaleza a Paris. A companhia far\u00e1 duas opera\u00e7\u00f5es semanais, \u00e0s sextas-feiras, com o trecho Paris-Fortaleza, saindo \u00e0s 12 horas, e o trecho Fortaleza-Paris, com sa\u00edda \u00e0s 18h55min. Ao mesmo tempo, surge a preocupa\u00e7\u00e3o das autoridades sanit\u00e1rias do Cear\u00e1 com o surgimento de novos casos da Covid-19 na Europa, o que est\u00e1 fazendo com que alguns pa\u00edses comecem a restringir muitas atividades econ\u00f4micas, como s\u00e3o os casos de Fran\u00e7a, Portugal, Espanha, Reino Unido e It\u00e1lia.<\/p>\n\n\n\n<p>O secret\u00e1rio da Sa\u00fade do Cear\u00e1, Dr. Cabeto, quer implantar a partir da pr\u00f3xima semana, em parceria com a Fraport Brasil, que administra o Aeroporto de Fortaleza, um protocolo sanit\u00e1rio de testagem obrigat\u00f3ria para Covid-19 para todos os passageiros que desembarcarem na Capital cearense vindos do Exterior. <\/p>\n\n\n\n<p>De acordo com a Organiza\u00e7\u00e3o Mundial da Sa\u00fade (OMS), Portugal teve 2.100 novos casos confirmados de Covid-19 nas \u00faltimas 24 horas. J\u00e1 a Fran\u00e7a contabilizou mais de 30 mil novos pacientes.<\/p>\n\n\n\n<figure class=\"wp-block-image size-large\"><img loading=\"lazy\" decoding=\"async\" width=\"800\" height=\"450\" src=\"https:\/\/blogdorogeriogomes.com.br\/wp-content\/uploads\/2020\/10\/Air-France-KLM.jpg\" alt=\"\" class=\"wp-image-18680\" srcset=\"https:\/\/blogdorogeriogomes.com.br\/noticias\/wp-content\/uploads\/2020\/10\/Air-France-KLM.jpg 800w, https:\/\/blogdorogeriogomes.com.br\/noticias\/wp-content\/uploads\/2020\/10\/Air-France-KLM-300x169.jpg 300w, https:\/\/blogdorogeriogomes.com.br\/noticias\/wp-content\/uploads\/2020\/10\/Air-France-KLM-768x432.jpg 768w\" sizes=\"auto, (max-width: 800px) 100vw, 800px\" \/><\/figure>\n","protected":false},"excerpt":{"rendered":"<p>Ap\u00f3s mais de cinco meses, a companhia a\u00e9rea Air France-KLM retomou, nesta sexta-feira, dia 16 de outubro, uma das frequ\u00eancias semanais que liga Fortaleza a Paris. A companhia far\u00e1 duas opera\u00e7\u00f5es semanais, \u00e0s sextas-feiras, com o trecho Paris-Fortaleza, saindo \u00e0s 12 horas, e o trecho Fortaleza-Paris, com sa\u00edda \u00e0s 18h55min. Ao mesmo tempo, surge a preocupa\u00e7\u00e3o das autoridades sanit\u00e1rias do Cear\u00e1 com o surgimento de novos casos da Covid-19 na Europa, o que est\u00e1 fazendo com que alguns pa\u00edses&hellip;<\/p>\n","protected":false},"author":1,"featured_media":18680,"comment_status":"open","ping_status":"open","sticky":false,"template":"","format":"standard","meta":{"footnotes":""},"categories":[1],"tags":[],"class_list":["post-18679","post","type-post","status-publish","format-standard","has-post-thumbnail","hentry","category-noticias"],"_links":{"self":[{"href":"https:\/\/blogdorogeriogomes.com.br\/noticias\/wp-json\/wp\/v2\/posts\/18679","targetHints":{"allow":["GET"]}}],"collection":[{"href":"https:\/\/blogdorogeriogomes.com.br\/noticias\/wp-json\/wp\/v2\/posts"}],"about":[{"href":"https:\/\/blogdorogeriogomes.com.br\/noticias\/wp-json\/wp\/v2\/types\/post"}],"author":[{"embeddable":true,"href":"https:\/\/blogdorogeriogomes.com.br\/noticias\/wp-json\/wp\/v2\/users\/1"}],"replies":[{"embeddable":true,"href":"https:\/\/blogdorogeriogomes.com.br\/noticias\/wp-json\/wp\/v2\/comments?post=18679"}],"version-history":[{"count":1,"href":"https:\/\/blogdorogeriogomes.com.br\/noticias\/wp-json\/wp\/v2\/posts\/18679\/revisions"}],"predecessor-version":[{"id":18681,"href":"https:\/\/blogdorogeriogomes.com.br\/noticias\/wp-json\/wp\/v2\/posts\/18679\/revisions\/18681"}],"wp:featuredmedia":[{"embeddable":true,"href":"https:\/\/blogdorogeriogomes.com.br\/noticias\/wp-json\/wp\/v2\/media\/18680"}],"wp:attachment":[{"href":"https:\/\/blogdorogeriogomes.com.br\/noticias\/wp-json\/wp\/v2\/media?parent=18679"}],"wp:term":[{"taxonomy":"category","embeddable":true,"href":"https:\/\/blogdorogeriogomes.com.br\/noticias\/wp-json\/wp\/v2\/categories?post=18679"},{"taxonomy":"post_tag","embeddable":true,"href":"https:\/\/blogdorogeriogomes.com.br\/noticias\/wp-json\/wp\/v2\/tags?post=18679"}],"curies":[{"name":"wp","href":"https:\/\/api.w.org\/{rel}","templated":true}]}}