{"id":18683,"date":"2020-10-18T13:03:22","date_gmt":"2020-10-18T13:03:22","guid":{"rendered":"https:\/\/blogdorogeriogomes.com.br\/?p=18683"},"modified":"2020-10-19T13:24:32","modified_gmt":"2020-10-19T13:24:32","slug":"governo-do-ceara-determina-em-decreto-que-a-restricao-sera-maior-em-municipios-com-aumento-de-registros-da-covid-19","status":"publish","type":"post","link":"https:\/\/blogdorogeriogomes.com.br\/noticias\/2020\/10\/governo-do-ceara-determina-em-decreto-que-a-restricao-sera-maior-em-municipios-com-aumento-de-registros-da-covid-19\/","title":{"rendered":"Governo do Cear\u00e1 determina em decreto que a restri\u00e7\u00e3o ser\u00e1 maior em munic\u00edpios com  aumento de registros da Covid-19"},"content":{"rendered":"\n<p>O Governo do Cear\u00e1 volta a endurecer regras de distanciamento social em cidades do interior que come\u00e7am a registrar aumento de casos da Covid-19. O Decreto Estadual, que entra em vigor a partir desta segunda-feira, dia 19 de outubro, ter\u00e1 recomenda\u00e7\u00f5es de restri\u00e7\u00e3o maior nos munic\u00edpios onde est\u00e1 ocorrendo aumento de casos de coronav\u00edrus.<\/p>\n\n\n\n<p>De acordo com o governador Camilo Santana, ap\u00f3s an\u00e1lises dos dados e informa\u00e7\u00f5es apresentados por especialistas da equipe de sa\u00fade, ficou estabelecido que n\u00e3o haver\u00e1 qualquer avan\u00e7o no Plano de Reabertura, pela segunda semana. Isso, conforme afirmou, faz-se necess\u00e1rio por conta dos indicadores que apontam aumento de casos em algumas \u00e1reas, ainda que os n\u00fameros gerais no Estado estejam em queda. \u201cOs \u00f3rg\u00e3os estaduais de fiscaliza\u00e7\u00e3o dever\u00e3o refor\u00e7ar as a\u00e7\u00f5es, o que seria muito importante ser feito tamb\u00e9m pelos \u00f3rg\u00e3os municipais em todo o Cear\u00e1\u201d, alertou o governador.&nbsp;<\/p>\n\n\n\n<p>O Governo do Cear\u00e1 enviou of\u00edcios ao Governo Federal, destinados ao Minist\u00e9rio da Infraestrutura, Anac e Anvisa, solicitando refor\u00e7o nas a\u00e7\u00f5es de controle sanit\u00e1rio no Aeroporto de Fortaleza, especialmente em rela\u00e7\u00e3o aos voos internacionais.<\/p>\n\n\n\n<p>Tamb\u00e9m foi enviado of\u00edcio ao presidente do Tribunal Regional Eleitoral solicitando provid\u00eancias, no \u00e2mbito de sua compet\u00eancia institucional, para prevenir e fazer cessar a\u00e7\u00f5es praticadas no contexto da campanha eleitoral de 2020, como com\u00edcios e aglomera\u00e7\u00f5es em espa\u00e7os p\u00fablicos.<\/p>\n\n\n\n<figure class=\"wp-block-image size-large\"><img loading=\"lazy\" decoding=\"async\" width=\"1024\" height=\"684\" src=\"https:\/\/blogdorogeriogomes.com.br\/wp-content\/uploads\/2020\/10\/200723_BARREIRA-SANITARIA-AEROPORTO_CGM3078-1200x802-1-1024x684.jpg\" alt=\"\" class=\"wp-image-18684\" srcset=\"https:\/\/blogdorogeriogomes.com.br\/noticias\/wp-content\/uploads\/2020\/10\/200723_BARREIRA-SANITARIA-AEROPORTO_CGM3078-1200x802-1-1024x684.jpg 1024w, https:\/\/blogdorogeriogomes.com.br\/noticias\/wp-content\/uploads\/2020\/10\/200723_BARREIRA-SANITARIA-AEROPORTO_CGM3078-1200x802-1-300x201.jpg 300w, https:\/\/blogdorogeriogomes.com.br\/noticias\/wp-content\/uploads\/2020\/10\/200723_BARREIRA-SANITARIA-AEROPORTO_CGM3078-1200x802-1-768x513.jpg 768w, https:\/\/blogdorogeriogomes.com.br\/noticias\/wp-content\/uploads\/2020\/10\/200723_BARREIRA-SANITARIA-AEROPORTO_CGM3078-1200x802-1-800x535.jpg 800w, https:\/\/blogdorogeriogomes.com.br\/noticias\/wp-content\/uploads\/2020\/10\/200723_BARREIRA-SANITARIA-AEROPORTO_CGM3078-1200x802-1.jpg 1200w\" sizes=\"auto, (max-width: 1024px) 100vw, 1024px\" \/><\/figure>\n","protected":false},"excerpt":{"rendered":"<p>O Governo do Cear\u00e1 volta a endurecer regras de distanciamento social em cidades do interior que come\u00e7am a registrar aumento de casos da Covid-19. O Decreto Estadual, que entra em vigor a partir desta segunda-feira, dia 19 de outubro, ter\u00e1 recomenda\u00e7\u00f5es de restri\u00e7\u00e3o maior nos munic\u00edpios onde est\u00e1 ocorrendo aumento de casos de coronav\u00edrus. De acordo com o governador Camilo Santana, ap\u00f3s an\u00e1lises dos dados e informa\u00e7\u00f5es apresentados por especialistas da equipe de sa\u00fade, ficou estabelecido que n\u00e3o haver\u00e1&hellip;<\/p>\n","protected":false},"author":1,"featured_media":18684,"comment_status":"open","ping_status":"open","sticky":false,"template":"","format":"standard","meta":{"footnotes":""},"categories":[1],"tags":[],"class_list":["post-18683","post","type-post","status-publish","format-standard","has-post-thumbnail","hentry","category-noticias"],"_links":{"self":[{"href":"https:\/\/blogdorogeriogomes.com.br\/noticias\/wp-json\/wp\/v2\/posts\/18683","targetHints":{"allow":["GET"]}}],"collection":[{"href":"https:\/\/blogdorogeriogomes.com.br\/noticias\/wp-json\/wp\/v2\/posts"}],"about":[{"href":"https:\/\/blogdorogeriogomes.com.br\/noticias\/wp-json\/wp\/v2\/types\/post"}],"author":[{"embeddable":true,"href":"https:\/\/blogdorogeriogomes.com.br\/noticias\/wp-json\/wp\/v2\/users\/1"}],"replies":[{"embeddable":true,"href":"https:\/\/blogdorogeriogomes.com.br\/noticias\/wp-json\/wp\/v2\/comments?post=18683"}],"version-history":[{"count":2,"href":"https:\/\/blogdorogeriogomes.com.br\/noticias\/wp-json\/wp\/v2\/posts\/18683\/revisions"}],"predecessor-version":[{"id":18696,"href":"https:\/\/blogdorogeriogomes.com.br\/noticias\/wp-json\/wp\/v2\/posts\/18683\/revisions\/18696"}],"wp:featuredmedia":[{"embeddable":true,"href":"https:\/\/blogdorogeriogomes.com.br\/noticias\/wp-json\/wp\/v2\/media\/18684"}],"wp:attachment":[{"href":"https:\/\/blogdorogeriogomes.com.br\/noticias\/wp-json\/wp\/v2\/media?parent=18683"}],"wp:term":[{"taxonomy":"category","embeddable":true,"href":"https:\/\/blogdorogeriogomes.com.br\/noticias\/wp-json\/wp\/v2\/categories?post=18683"},{"taxonomy":"post_tag","embeddable":true,"href":"https:\/\/blogdorogeriogomes.com.br\/noticias\/wp-json\/wp\/v2\/tags?post=18683"}],"curies":[{"name":"wp","href":"https:\/\/api.w.org\/{rel}","templated":true}]}}