{"id":18686,"date":"2020-10-18T13:21:37","date_gmt":"2020-10-18T13:21:37","guid":{"rendered":"https:\/\/blogdorogeriogomes.com.br\/?p=18686"},"modified":"2020-10-19T13:26:58","modified_gmt":"2020-10-19T13:26:58","slug":"pesquisa-datafolha-mostra-wagner-isolado-na-lideranca-com-33-luizianne-tem-24-e-sarto-com-15","status":"publish","type":"post","link":"https:\/\/blogdorogeriogomes.com.br\/noticias\/2020\/10\/pesquisa-datafolha-mostra-wagner-isolado-na-lideranca-com-33-luizianne-tem-24-e-sarto-com-15\/","title":{"rendered":"Pesquisa Datafolha mostra Wagner isolado na lideran\u00e7a com 33%; Luizianne tem 24% e Sarto com 15%"},"content":{"rendered":"\n<p>A primeira pesquisa O POVO\/Datafolha sobre a disputa eleitoral para Prefeitura de Fortaleza foi divulgada na noite deste s\u00e1bado, dia 17 de outubro, com Capit\u00e3o Wagner (Pros) isolado na lideran\u00e7a, somando 33% das inten\u00e7\u00f5es de voto. Em segundo lugar, aparece Luizianne Lins (PT), com 24%. Jos\u00e9 Sarto (PDT) tem 15% e est\u00e1 em terceiro segundo os eleitores consultados.<\/p>\n\n\n\n<p>Os outros postulantes na elei\u00e7\u00e3o seguem com as seguintes pontua\u00e7\u00f5es: Heitor F\u00e9rrer (SD), com 5%, Renato Roseno (Psol), com 4%, e C\u00e9lio Studart (PV), com 4%. Anizio Melo (PCdoB), Samuel Braga (Patriota), Jos\u00e9 Loureto (PCO), Paula Colares (UP) e Heitor Freire (PSL) n\u00e3o pontuaram.<\/p>\n\n\n\n<p>O total de 10% dos entrevistados declararam voto branco ou nulo e 4% disseram n\u00e3o saber em quem votar\u00e3o. A pesquisa divulga que ouviu 812 pessoas e tem margem de erro de tr\u00eas pontos percentuais para mais ou para menos.<\/p>\n\n\n\n<p>A rejei\u00e7\u00e3o dos candidatos pelos entrevistados na Datafolha apontam que o cen\u00e1rio pode estar ainda muito indefinido na Capital. Luizianne \u00e9 a de maior rejei\u00e7\u00e3o com 36%, seguida de Wagner,&nbsp; com 27%. Dentre os tr\u00eas de maior pontua\u00e7\u00e3o, Jos\u00e9 Sarto surge com menor rejei\u00e7\u00e3o, somando 21%.<\/p>\n\n\n\n<figure class=\"wp-block-image size-large\"><img loading=\"lazy\" decoding=\"async\" width=\"1024\" height=\"694\" src=\"https:\/\/blogdorogeriogomes.com.br\/wp-content\/uploads\/2020\/10\/IMG-20201012-WA0077-1024x694.jpg\" alt=\"\" class=\"wp-image-18687\" srcset=\"https:\/\/blogdorogeriogomes.com.br\/noticias\/wp-content\/uploads\/2020\/10\/IMG-20201012-WA0077-1024x694.jpg 1024w, https:\/\/blogdorogeriogomes.com.br\/noticias\/wp-content\/uploads\/2020\/10\/IMG-20201012-WA0077-300x203.jpg 300w, https:\/\/blogdorogeriogomes.com.br\/noticias\/wp-content\/uploads\/2020\/10\/IMG-20201012-WA0077-768x521.jpg 768w, https:\/\/blogdorogeriogomes.com.br\/noticias\/wp-content\/uploads\/2020\/10\/IMG-20201012-WA0077-800x542.jpg 800w, https:\/\/blogdorogeriogomes.com.br\/noticias\/wp-content\/uploads\/2020\/10\/IMG-20201012-WA0077.jpg 1127w\" sizes=\"auto, (max-width: 1024px) 100vw, 1024px\" \/><\/figure>\n","protected":false},"excerpt":{"rendered":"<p>A primeira pesquisa O POVO\/Datafolha sobre a disputa eleitoral para Prefeitura de Fortaleza foi divulgada na noite deste s\u00e1bado, dia 17 de outubro, com Capit\u00e3o Wagner (Pros) isolado na lideran\u00e7a, somando 33% das inten\u00e7\u00f5es de voto. Em segundo lugar, aparece Luizianne Lins (PT), com 24%. Jos\u00e9 Sarto (PDT) tem 15% e est\u00e1 em terceiro segundo os eleitores consultados. Os outros postulantes na elei\u00e7\u00e3o seguem com as seguintes pontua\u00e7\u00f5es: Heitor F\u00e9rrer (SD), com 5%, Renato Roseno (Psol), com 4%, e&hellip;<\/p>\n","protected":false},"author":1,"featured_media":18687,"comment_status":"open","ping_status":"open","sticky":false,"template":"","format":"standard","meta":{"footnotes":""},"categories":[1],"tags":[],"class_list":["post-18686","post","type-post","status-publish","format-standard","has-post-thumbnail","hentry","category-noticias"],"_links":{"self":[{"href":"https:\/\/blogdorogeriogomes.com.br\/noticias\/wp-json\/wp\/v2\/posts\/18686","targetHints":{"allow":["GET"]}}],"collection":[{"href":"https:\/\/blogdorogeriogomes.com.br\/noticias\/wp-json\/wp\/v2\/posts"}],"about":[{"href":"https:\/\/blogdorogeriogomes.com.br\/noticias\/wp-json\/wp\/v2\/types\/post"}],"author":[{"embeddable":true,"href":"https:\/\/blogdorogeriogomes.com.br\/noticias\/wp-json\/wp\/v2\/users\/1"}],"replies":[{"embeddable":true,"href":"https:\/\/blogdorogeriogomes.com.br\/noticias\/wp-json\/wp\/v2\/comments?post=18686"}],"version-history":[{"count":1,"href":"https:\/\/blogdorogeriogomes.com.br\/noticias\/wp-json\/wp\/v2\/posts\/18686\/revisions"}],"predecessor-version":[{"id":18688,"href":"https:\/\/blogdorogeriogomes.com.br\/noticias\/wp-json\/wp\/v2\/posts\/18686\/revisions\/18688"}],"wp:featuredmedia":[{"embeddable":true,"href":"https:\/\/blogdorogeriogomes.com.br\/noticias\/wp-json\/wp\/v2\/media\/18687"}],"wp:attachment":[{"href":"https:\/\/blogdorogeriogomes.com.br\/noticias\/wp-json\/wp\/v2\/media?parent=18686"}],"wp:term":[{"taxonomy":"category","embeddable":true,"href":"https:\/\/blogdorogeriogomes.com.br\/noticias\/wp-json\/wp\/v2\/categories?post=18686"},{"taxonomy":"post_tag","embeddable":true,"href":"https:\/\/blogdorogeriogomes.com.br\/noticias\/wp-json\/wp\/v2\/tags?post=18686"}],"curies":[{"name":"wp","href":"https:\/\/api.w.org\/{rel}","templated":true}]}}