{"id":18690,"date":"2020-10-19T09:10:29","date_gmt":"2020-10-19T09:10:29","guid":{"rendered":"https:\/\/blogdorogeriogomes.com.br\/?p=18690"},"modified":"2020-10-19T13:23:17","modified_gmt":"2020-10-19T13:23:17","slug":"com-covid-19-jose-sarto-e-internado-para-receber-medicacao-intravenosa-campanha-na-rua-segue-com-elcio-batista-e-roberto-claudio","status":"publish","type":"post","link":"https:\/\/blogdorogeriogomes.com.br\/noticias\/2020\/10\/com-covid-19-jose-sarto-e-internado-para-receber-medicacao-intravenosa-campanha-na-rua-segue-com-elcio-batista-e-roberto-claudio\/","title":{"rendered":"Com Covid-19, Jos\u00e9 Sarto \u00e9 internado para receber medica\u00e7\u00e3o intravenosa. Campanha na rua segue com Elcio Batista e Roberto Cl\u00e1udio"},"content":{"rendered":"\n<p>O candidato \u00e0 Prefeitura de Fortaleza, Jos\u00e9 Sarto (PDT), foi internado na tarde deste domingo, dia 18 de outubro, no Hospital da Unimed para receber medica\u00e7\u00e3o via intravenosa, em tratamento decorrente do quadro de Covid-19. Sarto testou positivo para o novo coronav\u00edrus no \u00faltimo dia de outubro ap\u00f3s apresentar sintomas leves gripais, e desde ent\u00e3o est\u00e1 isolado em tratamento domiciliar.<\/p>\n\n\n\n<p>&#8220;Quero tranquilizar a todos, pois me sinto bem, sem necessidade de cuidados intensivos. Estou sendo acompanhado por uma equipe m\u00e9dica atenciosa e vou me restabelecer em breve&#8221;, anunciou o prefeitur\u00e1vel em suas redes sociais. Candidato apoiado pela atual gest\u00e3o municipal, o pedetista tem contado com o trabalho nas ruas feito pelo prefeito Roberto Cl\u00e1udio e pelo candidato \u00e0 vice-prefeito de sua chapa, \u00c9lcio Batista, al\u00e9m de dispor do apoio de Cid Gomes e Ciro Gomes.<\/p>\n\n\n\n<p>Enquanto n\u00e3o volta para as ruas, Jos\u00e9 Sarto v\u00ea a sua campanha sendo tocada pelo vice Elcio Batista (PSB) e pelo atual prefeito da Capital, Roberto Cl\u00e1udio (PDT), que \u00e9 o maior cabo eleitoral da chapa. Na \u00faltima pesquisa O POVO\/Datafolha, RC aparece com uma avalia\u00e7\u00e3o positiva de 53% da sua administra\u00e7\u00e3o. O governador Camilo Santana tem 61% de aprova\u00e7\u00e3o e o presidente Jair Bolsonaro tem um \u00edndice de rejei\u00e7\u00e3o de 42% em Fortaleza. \u00cdndices que podem influenciar na disputa de novembro.<\/p>\n\n\n\n<figure class=\"wp-block-image size-large\"><img loading=\"lazy\" decoding=\"async\" width=\"1024\" height=\"682\" src=\"https:\/\/blogdorogeriogomes.com.br\/wp-content\/uploads\/2020\/10\/IMG-20201018-WA0098-1024x682.jpg\" alt=\"\" class=\"wp-image-18691\" srcset=\"https:\/\/blogdorogeriogomes.com.br\/noticias\/wp-content\/uploads\/2020\/10\/IMG-20201018-WA0098-1024x682.jpg 1024w, https:\/\/blogdorogeriogomes.com.br\/noticias\/wp-content\/uploads\/2020\/10\/IMG-20201018-WA0098-300x200.jpg 300w, https:\/\/blogdorogeriogomes.com.br\/noticias\/wp-content\/uploads\/2020\/10\/IMG-20201018-WA0098-768x512.jpg 768w, https:\/\/blogdorogeriogomes.com.br\/noticias\/wp-content\/uploads\/2020\/10\/IMG-20201018-WA0098-800x533.jpg 800w, https:\/\/blogdorogeriogomes.com.br\/noticias\/wp-content\/uploads\/2020\/10\/IMG-20201018-WA0098.jpg 1280w\" sizes=\"auto, (max-width: 1024px) 100vw, 1024px\" \/><\/figure>\n","protected":false},"excerpt":{"rendered":"<p>O candidato \u00e0 Prefeitura de Fortaleza, Jos\u00e9 Sarto (PDT), foi internado na tarde deste domingo, dia 18 de outubro, no Hospital da Unimed para receber medica\u00e7\u00e3o via intravenosa, em tratamento decorrente do quadro de Covid-19. Sarto testou positivo para o novo coronav\u00edrus no \u00faltimo dia de outubro ap\u00f3s apresentar sintomas leves gripais, e desde ent\u00e3o est\u00e1 isolado em tratamento domiciliar. &#8220;Quero tranquilizar a todos, pois me sinto bem, sem necessidade de cuidados intensivos. Estou sendo acompanhado por uma equipe&hellip;<\/p>\n","protected":false},"author":1,"featured_media":18691,"comment_status":"open","ping_status":"open","sticky":false,"template":"","format":"standard","meta":{"footnotes":""},"categories":[1],"tags":[],"class_list":["post-18690","post","type-post","status-publish","format-standard","has-post-thumbnail","hentry","category-noticias"],"_links":{"self":[{"href":"https:\/\/blogdorogeriogomes.com.br\/noticias\/wp-json\/wp\/v2\/posts\/18690","targetHints":{"allow":["GET"]}}],"collection":[{"href":"https:\/\/blogdorogeriogomes.com.br\/noticias\/wp-json\/wp\/v2\/posts"}],"about":[{"href":"https:\/\/blogdorogeriogomes.com.br\/noticias\/wp-json\/wp\/v2\/types\/post"}],"author":[{"embeddable":true,"href":"https:\/\/blogdorogeriogomes.com.br\/noticias\/wp-json\/wp\/v2\/users\/1"}],"replies":[{"embeddable":true,"href":"https:\/\/blogdorogeriogomes.com.br\/noticias\/wp-json\/wp\/v2\/comments?post=18690"}],"version-history":[{"count":1,"href":"https:\/\/blogdorogeriogomes.com.br\/noticias\/wp-json\/wp\/v2\/posts\/18690\/revisions"}],"predecessor-version":[{"id":18692,"href":"https:\/\/blogdorogeriogomes.com.br\/noticias\/wp-json\/wp\/v2\/posts\/18690\/revisions\/18692"}],"wp:featuredmedia":[{"embeddable":true,"href":"https:\/\/blogdorogeriogomes.com.br\/noticias\/wp-json\/wp\/v2\/media\/18691"}],"wp:attachment":[{"href":"https:\/\/blogdorogeriogomes.com.br\/noticias\/wp-json\/wp\/v2\/media?parent=18690"}],"wp:term":[{"taxonomy":"category","embeddable":true,"href":"https:\/\/blogdorogeriogomes.com.br\/noticias\/wp-json\/wp\/v2\/categories?post=18690"},{"taxonomy":"post_tag","embeddable":true,"href":"https:\/\/blogdorogeriogomes.com.br\/noticias\/wp-json\/wp\/v2\/tags?post=18690"}],"curies":[{"name":"wp","href":"https:\/\/api.w.org\/{rel}","templated":true}]}}