{"id":18693,"date":"2020-10-19T09:29:04","date_gmt":"2020-10-19T09:29:04","guid":{"rendered":"https:\/\/blogdorogeriogomes.com.br\/?p=18693"},"modified":"2020-10-19T13:22:39","modified_gmt":"2020-10-19T13:22:39","slug":"tre-no-ceara-promete-reforcar-a-fiscalizacao-em-atos-de-campanha-eleitoral-que-desrespeitem-decreto-da-covid-19","status":"publish","type":"post","link":"https:\/\/blogdorogeriogomes.com.br\/noticias\/2020\/10\/tre-no-ceara-promete-reforcar-a-fiscalizacao-em-atos-de-campanha-eleitoral-que-desrespeitem-decreto-da-covid-19\/","title":{"rendered":"TRE no Cear\u00e1 promete refor\u00e7ar a fiscaliza\u00e7\u00e3o em atos de campanha eleitoral que desrespeitem decreto da Covid-19"},"content":{"rendered":"\n<p>A Justi\u00e7a Eleitoral no Cear\u00e1 promete intensificar a fiscaliza\u00e7\u00e3o a atos da campanha eleitoral que desrespeitam o decreto governamental da Covid-19, que estipulam regras de distanciamento social e uso obrigat\u00f3rio de m\u00e1scaras. O desembargador In\u00e1cio de Alencar Cortez Neto, corregedor e vice-presidente do Tribunal Regional Eleitoral do Cear\u00e1 (TRE-CE), expediu of\u00edcio para os ju\u00edzes eleitorais do Cear\u00e1 com orienta\u00e7\u00f5es sobre atos de campanha que desrespeitam normas sanit\u00e1rias.<\/p>\n\n\n\n<p>Entre as medidas previstas pelo TRE est\u00e3o: determinar a imediata regulariza\u00e7\u00e3o do ato, em conformidade com as regras sanit\u00e1rias, intimando de forma pessoal, direta e nominal o candidato e\/ou representante de partido e\/ou outro respons\u00e1vel, e lavrando o respectivo auto de constata\u00e7\u00e3o; n\u00e3o sendo regularizado, utilizar-se dos meios cab\u00edveis para impedir a continuidade do ato il\u00edcito de campanha eleitoral, com o aux\u00edlio da for\u00e7a policial; determinar \u00e0 autoridade policial a abertura de procedimento criminal pr\u00f3prio para investigar a ocorr\u00eancia do crime previsto no art. 347 do C\u00f3digo Eleitoral; e encaminhar ao Minist\u00e9rio P\u00fablico Eleitoral as provas que coletar da pr\u00e1tica de ato de propaganda irregular, abuso de poder e\/ou crime eleitoral.<\/p>\n\n\n\n<figure class=\"wp-block-image size-large\"><img loading=\"lazy\" decoding=\"async\" width=\"642\" height=\"478\" src=\"https:\/\/blogdorogeriogomes.com.br\/wp-content\/uploads\/2020\/10\/images-1.jpeg\" alt=\"\" class=\"wp-image-18694\" srcset=\"https:\/\/blogdorogeriogomes.com.br\/noticias\/wp-content\/uploads\/2020\/10\/images-1.jpeg 642w, https:\/\/blogdorogeriogomes.com.br\/noticias\/wp-content\/uploads\/2020\/10\/images-1-300x223.jpeg 300w\" sizes=\"auto, (max-width: 642px) 100vw, 642px\" \/><\/figure>\n","protected":false},"excerpt":{"rendered":"<p>A Justi\u00e7a Eleitoral no Cear\u00e1 promete intensificar a fiscaliza\u00e7\u00e3o a atos da campanha eleitoral que desrespeitam o decreto governamental da Covid-19, que estipulam regras de distanciamento social e uso obrigat\u00f3rio de m\u00e1scaras. O desembargador In\u00e1cio de Alencar Cortez Neto, corregedor e vice-presidente do Tribunal Regional Eleitoral do Cear\u00e1 (TRE-CE), expediu of\u00edcio para os ju\u00edzes eleitorais do Cear\u00e1 com orienta\u00e7\u00f5es sobre atos de campanha que desrespeitam normas sanit\u00e1rias. Entre as medidas previstas pelo TRE est\u00e3o: determinar a imediata regulariza\u00e7\u00e3o do&hellip;<\/p>\n","protected":false},"author":1,"featured_media":18694,"comment_status":"open","ping_status":"open","sticky":false,"template":"","format":"standard","meta":{"footnotes":""},"categories":[1],"tags":[],"class_list":["post-18693","post","type-post","status-publish","format-standard","has-post-thumbnail","hentry","category-noticias"],"_links":{"self":[{"href":"https:\/\/blogdorogeriogomes.com.br\/noticias\/wp-json\/wp\/v2\/posts\/18693","targetHints":{"allow":["GET"]}}],"collection":[{"href":"https:\/\/blogdorogeriogomes.com.br\/noticias\/wp-json\/wp\/v2\/posts"}],"about":[{"href":"https:\/\/blogdorogeriogomes.com.br\/noticias\/wp-json\/wp\/v2\/types\/post"}],"author":[{"embeddable":true,"href":"https:\/\/blogdorogeriogomes.com.br\/noticias\/wp-json\/wp\/v2\/users\/1"}],"replies":[{"embeddable":true,"href":"https:\/\/blogdorogeriogomes.com.br\/noticias\/wp-json\/wp\/v2\/comments?post=18693"}],"version-history":[{"count":1,"href":"https:\/\/blogdorogeriogomes.com.br\/noticias\/wp-json\/wp\/v2\/posts\/18693\/revisions"}],"predecessor-version":[{"id":18695,"href":"https:\/\/blogdorogeriogomes.com.br\/noticias\/wp-json\/wp\/v2\/posts\/18693\/revisions\/18695"}],"wp:featuredmedia":[{"embeddable":true,"href":"https:\/\/blogdorogeriogomes.com.br\/noticias\/wp-json\/wp\/v2\/media\/18694"}],"wp:attachment":[{"href":"https:\/\/blogdorogeriogomes.com.br\/noticias\/wp-json\/wp\/v2\/media?parent=18693"}],"wp:term":[{"taxonomy":"category","embeddable":true,"href":"https:\/\/blogdorogeriogomes.com.br\/noticias\/wp-json\/wp\/v2\/categories?post=18693"},{"taxonomy":"post_tag","embeddable":true,"href":"https:\/\/blogdorogeriogomes.com.br\/noticias\/wp-json\/wp\/v2\/tags?post=18693"}],"curies":[{"name":"wp","href":"https:\/\/api.w.org\/{rel}","templated":true}]}}