{"id":18702,"date":"2020-10-19T19:56:50","date_gmt":"2020-10-19T19:56:50","guid":{"rendered":"https:\/\/blogdorogeriogomes.com.br\/?p=18702"},"modified":"2020-10-20T12:33:40","modified_gmt":"2020-10-20T12:33:40","slug":"empresariado-de-fortaleza-realiza-eventos-com-candidatos-a-prefeito-nesta-semana","status":"publish","type":"post","link":"https:\/\/blogdorogeriogomes.com.br\/noticias\/2020\/10\/empresariado-de-fortaleza-realiza-eventos-com-candidatos-a-prefeito-nesta-semana\/","title":{"rendered":"Empresariado de Fortaleza realiza eventos com candidatos \u00e0 prefeito nesta semana"},"content":{"rendered":"\n<p>A semana dos candidatos \u00e0 Prefeitura de Fortaleza ser\u00e1 marcada por reuni\u00f5es com empres\u00e1rios e representantes industriais da Capital. Os eventos ser\u00e3o oportunidades dos prefeitur\u00e1veis mostrarem as suas principais propostas para o setor econ\u00f4mico e seus posicionamentos sobre as pautas mais reivindicadas pelo empresariado.<\/p>\n\n\n\n<p>Na pr\u00f3xima quarta-feira, dia 21 de outubro, o Centro Industrial do Cear\u00e1 (CIC) realiza a programa\u00e7\u00e3o &#8220;Di\u00e1logos Empresariais&#8221;, na sede da Federa\u00e7\u00e3o das Ind\u00fastrias do Estado do Cear\u00e1 (Fiec), e receber\u00e1 os postulantes ao Pa\u00e7o Municip\u00e1l para apresenta\u00e7\u00f5es ao longo do encontro, que ocorre at\u00e9 quinta-feira, dia 22.<\/p>\n\n\n\n<p>J\u00e1 a Associa\u00e7\u00e3o Brasileira de Bares e Restaurantes (Abrasel) vai realizar, tamb\u00e9m na quarta-feira, das 14 \u00e0s 17 horas, o &#8220;Di\u00e1logo Abrasel com candidatos \u00e0 Prefeitura de Fortaleza&#8221;. Ser\u00e1 um momento dos empres\u00e1rios do ramo debaterem com os candidatos de maior inten\u00e7\u00e3o de votos segundo as pesquisas. Participam Capit\u00e3o Wagner (Pros), Luizianne Lins (PT), \u00c9lcio Batista representando Jos\u00e9 Sarto (PDT), e Heitor F\u00e9rrer (SD).<\/p>\n\n\n\n<p>O Sinduscon far\u00e1 uma s\u00e9rie de lives com os principais candidatos \u00e0 Prefeitura de Fortaleza, nos dias 19, 20, 26 e 27 de outubro. At\u00e9 o momento, apenas Heitor F\u00e9rrer e Capit\u00e3o Wagner confirmaram participa\u00e7\u00e3o.<\/p>\n\n\n\n<figure class=\"wp-block-image size-large\"><img loading=\"lazy\" decoding=\"async\" width=\"800\" height=\"227\" src=\"https:\/\/blogdorogeriogomes.com.br\/wp-content\/uploads\/2020\/10\/images-2.jpeg\" alt=\"\" class=\"wp-image-18703\" srcset=\"https:\/\/blogdorogeriogomes.com.br\/noticias\/wp-content\/uploads\/2020\/10\/images-2.jpeg 800w, https:\/\/blogdorogeriogomes.com.br\/noticias\/wp-content\/uploads\/2020\/10\/images-2-300x85.jpeg 300w, https:\/\/blogdorogeriogomes.com.br\/noticias\/wp-content\/uploads\/2020\/10\/images-2-768x218.jpeg 768w\" sizes=\"auto, (max-width: 800px) 100vw, 800px\" \/><\/figure>\n","protected":false},"excerpt":{"rendered":"<p>A semana dos candidatos \u00e0 Prefeitura de Fortaleza ser\u00e1 marcada por reuni\u00f5es com empres\u00e1rios e representantes industriais da Capital. Os eventos ser\u00e3o oportunidades dos prefeitur\u00e1veis mostrarem as suas principais propostas para o setor econ\u00f4mico e seus posicionamentos sobre as pautas mais reivindicadas pelo empresariado. Na pr\u00f3xima quarta-feira, dia 21 de outubro, o Centro Industrial do Cear\u00e1 (CIC) realiza a programa\u00e7\u00e3o &#8220;Di\u00e1logos Empresariais&#8221;, na sede da Federa\u00e7\u00e3o das Ind\u00fastrias do Estado do Cear\u00e1 (Fiec), e receber\u00e1 os postulantes ao Pa\u00e7o&hellip;<\/p>\n","protected":false},"author":1,"featured_media":18703,"comment_status":"open","ping_status":"open","sticky":false,"template":"","format":"standard","meta":{"footnotes":""},"categories":[1],"tags":[],"class_list":["post-18702","post","type-post","status-publish","format-standard","has-post-thumbnail","hentry","category-noticias"],"_links":{"self":[{"href":"https:\/\/blogdorogeriogomes.com.br\/noticias\/wp-json\/wp\/v2\/posts\/18702","targetHints":{"allow":["GET"]}}],"collection":[{"href":"https:\/\/blogdorogeriogomes.com.br\/noticias\/wp-json\/wp\/v2\/posts"}],"about":[{"href":"https:\/\/blogdorogeriogomes.com.br\/noticias\/wp-json\/wp\/v2\/types\/post"}],"author":[{"embeddable":true,"href":"https:\/\/blogdorogeriogomes.com.br\/noticias\/wp-json\/wp\/v2\/users\/1"}],"replies":[{"embeddable":true,"href":"https:\/\/blogdorogeriogomes.com.br\/noticias\/wp-json\/wp\/v2\/comments?post=18702"}],"version-history":[{"count":1,"href":"https:\/\/blogdorogeriogomes.com.br\/noticias\/wp-json\/wp\/v2\/posts\/18702\/revisions"}],"predecessor-version":[{"id":18704,"href":"https:\/\/blogdorogeriogomes.com.br\/noticias\/wp-json\/wp\/v2\/posts\/18702\/revisions\/18704"}],"wp:featuredmedia":[{"embeddable":true,"href":"https:\/\/blogdorogeriogomes.com.br\/noticias\/wp-json\/wp\/v2\/media\/18703"}],"wp:attachment":[{"href":"https:\/\/blogdorogeriogomes.com.br\/noticias\/wp-json\/wp\/v2\/media?parent=18702"}],"wp:term":[{"taxonomy":"category","embeddable":true,"href":"https:\/\/blogdorogeriogomes.com.br\/noticias\/wp-json\/wp\/v2\/categories?post=18702"},{"taxonomy":"post_tag","embeddable":true,"href":"https:\/\/blogdorogeriogomes.com.br\/noticias\/wp-json\/wp\/v2\/tags?post=18702"}],"curies":[{"name":"wp","href":"https:\/\/api.w.org\/{rel}","templated":true}]}}