{"id":18708,"date":"2020-10-20T09:15:47","date_gmt":"2020-10-20T09:15:47","guid":{"rendered":"https:\/\/blogdorogeriogomes.com.br\/?p=18708"},"modified":"2020-10-20T12:33:05","modified_gmt":"2020-10-20T12:33:05","slug":"camilo-da-parecer-favoravel-para-envio-de-tropas-federais-para-eleicoes-em-10-municipios-do-ceara","status":"publish","type":"post","link":"https:\/\/blogdorogeriogomes.com.br\/noticias\/2020\/10\/camilo-da-parecer-favoravel-para-envio-de-tropas-federais-para-eleicoes-em-10-municipios-do-ceara\/","title":{"rendered":"Camilo d\u00e1 parecer favor\u00e1vel para envio de tropas federais para elei\u00e7\u00f5es em 10 munic\u00edpios do Cear\u00e1"},"content":{"rendered":"\n<p>O Tribunal Superior Eleitoral (TSE) j\u00e1 recebeu o aval do governador do Cear\u00e1, Camilo Santana, para o envio de tropas federais para 10 munic\u00edpios cearenses no 1\u00b0 turno das elei\u00e7\u00f5es municipais, no dia 15 de novembro. O objetivo \u00e9 garantir a tranquilidade no dia da vota\u00e7\u00e3o. Depois do parecer favor\u00e1vel de Camilo, caber\u00e1 ao TSE a autoriza\u00e7\u00e3o do envio dos refor\u00e7os.<\/p>\n\n\n\n<p>Os munic\u00edpios do Cear\u00e1 que devem receber as tropas federais nas elei\u00e7\u00f5es s\u00e3o Fortaleza, Caucaia, Maracana\u00fa, Sobral, Juazeiro do Norte, Crato, Barbalha, Pacajus, Horizonte e Itaitinga.<\/p>\n\n\n\n<figure class=\"wp-block-image size-large\"><img loading=\"lazy\" decoding=\"async\" width=\"678\" height=\"452\" src=\"https:\/\/blogdorogeriogomes.com.br\/wp-content\/uploads\/2020\/10\/images-4.jpeg\" alt=\"\" class=\"wp-image-18709\" srcset=\"https:\/\/blogdorogeriogomes.com.br\/noticias\/wp-content\/uploads\/2020\/10\/images-4.jpeg 678w, https:\/\/blogdorogeriogomes.com.br\/noticias\/wp-content\/uploads\/2020\/10\/images-4-300x200.jpeg 300w\" sizes=\"auto, (max-width: 678px) 100vw, 678px\" \/><\/figure>\n","protected":false},"excerpt":{"rendered":"<p>O Tribunal Superior Eleitoral (TSE) j\u00e1 recebeu o aval do governador do Cear\u00e1, Camilo Santana, para o envio de tropas federais para 10 munic\u00edpios cearenses no 1\u00b0 turno das elei\u00e7\u00f5es municipais, no dia 15 de novembro. O objetivo \u00e9 garantir a tranquilidade no dia da vota\u00e7\u00e3o. Depois do parecer favor\u00e1vel de Camilo, caber\u00e1 ao TSE a autoriza\u00e7\u00e3o do envio dos refor\u00e7os. Os munic\u00edpios do Cear\u00e1 que devem receber as tropas federais nas elei\u00e7\u00f5es s\u00e3o Fortaleza, Caucaia, Maracana\u00fa, Sobral, Juazeiro&hellip;<\/p>\n","protected":false},"author":1,"featured_media":18709,"comment_status":"open","ping_status":"open","sticky":false,"template":"","format":"standard","meta":{"footnotes":""},"categories":[1],"tags":[],"class_list":["post-18708","post","type-post","status-publish","format-standard","has-post-thumbnail","hentry","category-noticias"],"_links":{"self":[{"href":"https:\/\/blogdorogeriogomes.com.br\/noticias\/wp-json\/wp\/v2\/posts\/18708","targetHints":{"allow":["GET"]}}],"collection":[{"href":"https:\/\/blogdorogeriogomes.com.br\/noticias\/wp-json\/wp\/v2\/posts"}],"about":[{"href":"https:\/\/blogdorogeriogomes.com.br\/noticias\/wp-json\/wp\/v2\/types\/post"}],"author":[{"embeddable":true,"href":"https:\/\/blogdorogeriogomes.com.br\/noticias\/wp-json\/wp\/v2\/users\/1"}],"replies":[{"embeddable":true,"href":"https:\/\/blogdorogeriogomes.com.br\/noticias\/wp-json\/wp\/v2\/comments?post=18708"}],"version-history":[{"count":1,"href":"https:\/\/blogdorogeriogomes.com.br\/noticias\/wp-json\/wp\/v2\/posts\/18708\/revisions"}],"predecessor-version":[{"id":18710,"href":"https:\/\/blogdorogeriogomes.com.br\/noticias\/wp-json\/wp\/v2\/posts\/18708\/revisions\/18710"}],"wp:featuredmedia":[{"embeddable":true,"href":"https:\/\/blogdorogeriogomes.com.br\/noticias\/wp-json\/wp\/v2\/media\/18709"}],"wp:attachment":[{"href":"https:\/\/blogdorogeriogomes.com.br\/noticias\/wp-json\/wp\/v2\/media?parent=18708"}],"wp:term":[{"taxonomy":"category","embeddable":true,"href":"https:\/\/blogdorogeriogomes.com.br\/noticias\/wp-json\/wp\/v2\/categories?post=18708"},{"taxonomy":"post_tag","embeddable":true,"href":"https:\/\/blogdorogeriogomes.com.br\/noticias\/wp-json\/wp\/v2\/tags?post=18708"}],"curies":[{"name":"wp","href":"https:\/\/api.w.org\/{rel}","templated":true}]}}