{"id":18715,"date":"2020-10-20T19:33:30","date_gmt":"2020-10-20T19:33:30","guid":{"rendered":"https:\/\/blogdorogeriogomes.com.br\/?p=18715"},"modified":"2020-10-21T09:12:38","modified_gmt":"2020-10-21T09:12:38","slug":"stf-confirma-que-titulo-de-eleitor-nao-sera-obrigatorio-no-dia-da-votacao","status":"publish","type":"post","link":"https:\/\/blogdorogeriogomes.com.br\/noticias\/2020\/10\/stf-confirma-que-titulo-de-eleitor-nao-sera-obrigatorio-no-dia-da-votacao\/","title":{"rendered":"STF confirma que t\u00edtulo de eleitor n\u00e3o ser\u00e1 obrigat\u00f3rio no dia da vota\u00e7\u00e3o"},"content":{"rendered":"\n<p>Depois de dispensar o uso da biometria por causa da demora no processo de vota\u00e7\u00e3o e por causa das restri\u00e7\u00f5es sanit\u00e1rias por causa da Covid-19, agora o plen\u00e1rio do Supremo Tribunal Federal (STF) confirmou, por unanimidade, que o eleitor n\u00e3o pode ser impedido de votar caso n\u00e3o tenha em m\u00e3os o t\u00edtulo de eleitor, sendo obrigat\u00f3ria somente a apresenta\u00e7\u00e3o de documento oficial com foto.<\/p>\n\n\n\n<p>O Tribunal Superior Eleitoral (TSE) quer tornar o processo de vota\u00e7\u00e3o o mais r\u00e1pido poss\u00edvel. Ser\u00e3o escolhidos prefeitos, vice-prefeitos e vereadores em 5.568 munic\u00edpios. Ao todo, s\u00e3o cerca de 95 mil locais de vota\u00e7\u00e3o em todo o Pa\u00eds e 401.950 se\u00e7\u00f5es eleitorais.<\/p>\n\n\n\n<p>O uso de m\u00e1scara para prote\u00e7\u00e3o da face virou item obrigat\u00f3rio nas se\u00e7\u00f5es eleitorais. Os mes\u00e1rios tamb\u00e9m receber\u00e3o \u00e1lcool em gel de uso individual e viseiras pl\u00e1sticas. Haver\u00e1 \u00e1lcool em gel nas se\u00e7\u00f5es eleitorais para a higieniza\u00e7\u00e3o das m\u00e3os dos eleitores antes e depois da vota\u00e7\u00e3o. Al\u00e9m disso, ser\u00e1 recomendado que os eleitores mantenham a dist\u00e2ncia m\u00ednima de um metro dos demais e dos mes\u00e1rios.<\/p>\n\n\n\n<figure class=\"wp-block-image size-large\"><img loading=\"lazy\" decoding=\"async\" width=\"1024\" height=\"683\" src=\"https:\/\/blogdorogeriogomes.com.br\/wp-content\/uploads\/2020\/10\/nao-sera-obrigatorio-portar-titulo-de-eleitor-para-votar-este-ano-5f8f2773231b7-1024x683.jpeg\" alt=\"\" class=\"wp-image-18716\" srcset=\"https:\/\/blogdorogeriogomes.com.br\/noticias\/wp-content\/uploads\/2020\/10\/nao-sera-obrigatorio-portar-titulo-de-eleitor-para-votar-este-ano-5f8f2773231b7-1024x683.jpeg 1024w, https:\/\/blogdorogeriogomes.com.br\/noticias\/wp-content\/uploads\/2020\/10\/nao-sera-obrigatorio-portar-titulo-de-eleitor-para-votar-este-ano-5f8f2773231b7-300x200.jpeg 300w, https:\/\/blogdorogeriogomes.com.br\/noticias\/wp-content\/uploads\/2020\/10\/nao-sera-obrigatorio-portar-titulo-de-eleitor-para-votar-este-ano-5f8f2773231b7-768x512.jpeg 768w, https:\/\/blogdorogeriogomes.com.br\/noticias\/wp-content\/uploads\/2020\/10\/nao-sera-obrigatorio-portar-titulo-de-eleitor-para-votar-este-ano-5f8f2773231b7-800x534.jpeg 800w, https:\/\/blogdorogeriogomes.com.br\/noticias\/wp-content\/uploads\/2020\/10\/nao-sera-obrigatorio-portar-titulo-de-eleitor-para-votar-este-ano-5f8f2773231b7.jpeg 1150w\" sizes=\"auto, (max-width: 1024px) 100vw, 1024px\" \/><\/figure>\n","protected":false},"excerpt":{"rendered":"<p>Depois de dispensar o uso da biometria por causa da demora no processo de vota\u00e7\u00e3o e por causa das restri\u00e7\u00f5es sanit\u00e1rias por causa da Covid-19, agora o plen\u00e1rio do Supremo Tribunal Federal (STF) confirmou, por unanimidade, que o eleitor n\u00e3o pode ser impedido de votar caso n\u00e3o tenha em m\u00e3os o t\u00edtulo de eleitor, sendo obrigat\u00f3ria somente a apresenta\u00e7\u00e3o de documento oficial com foto. O Tribunal Superior Eleitoral (TSE) quer tornar o processo de vota\u00e7\u00e3o o mais r\u00e1pido poss\u00edvel.&hellip;<\/p>\n","protected":false},"author":1,"featured_media":18716,"comment_status":"open","ping_status":"open","sticky":false,"template":"","format":"standard","meta":{"footnotes":""},"categories":[1],"tags":[],"class_list":["post-18715","post","type-post","status-publish","format-standard","has-post-thumbnail","hentry","category-noticias"],"_links":{"self":[{"href":"https:\/\/blogdorogeriogomes.com.br\/noticias\/wp-json\/wp\/v2\/posts\/18715","targetHints":{"allow":["GET"]}}],"collection":[{"href":"https:\/\/blogdorogeriogomes.com.br\/noticias\/wp-json\/wp\/v2\/posts"}],"about":[{"href":"https:\/\/blogdorogeriogomes.com.br\/noticias\/wp-json\/wp\/v2\/types\/post"}],"author":[{"embeddable":true,"href":"https:\/\/blogdorogeriogomes.com.br\/noticias\/wp-json\/wp\/v2\/users\/1"}],"replies":[{"embeddable":true,"href":"https:\/\/blogdorogeriogomes.com.br\/noticias\/wp-json\/wp\/v2\/comments?post=18715"}],"version-history":[{"count":1,"href":"https:\/\/blogdorogeriogomes.com.br\/noticias\/wp-json\/wp\/v2\/posts\/18715\/revisions"}],"predecessor-version":[{"id":18717,"href":"https:\/\/blogdorogeriogomes.com.br\/noticias\/wp-json\/wp\/v2\/posts\/18715\/revisions\/18717"}],"wp:featuredmedia":[{"embeddable":true,"href":"https:\/\/blogdorogeriogomes.com.br\/noticias\/wp-json\/wp\/v2\/media\/18716"}],"wp:attachment":[{"href":"https:\/\/blogdorogeriogomes.com.br\/noticias\/wp-json\/wp\/v2\/media?parent=18715"}],"wp:term":[{"taxonomy":"category","embeddable":true,"href":"https:\/\/blogdorogeriogomes.com.br\/noticias\/wp-json\/wp\/v2\/categories?post=18715"},{"taxonomy":"post_tag","embeddable":true,"href":"https:\/\/blogdorogeriogomes.com.br\/noticias\/wp-json\/wp\/v2\/tags?post=18715"}],"curies":[{"name":"wp","href":"https:\/\/api.w.org\/{rel}","templated":true}]}}