{"id":18718,"date":"2020-10-20T20:48:06","date_gmt":"2020-10-20T20:48:06","guid":{"rendered":"https:\/\/blogdorogeriogomes.com.br\/?p=18718"},"modified":"2020-10-21T09:12:41","modified_gmt":"2020-10-21T09:12:41","slug":"fortalezense-aprova-comportamento-de-camilo-santana-e-roberto-claudio-no-combate-a-pandemia-diz-datafolha","status":"publish","type":"post","link":"https:\/\/blogdorogeriogomes.com.br\/noticias\/2020\/10\/fortalezense-aprova-comportamento-de-camilo-santana-e-roberto-claudio-no-combate-a-pandemia-diz-datafolha\/","title":{"rendered":"Fortalezense aprova comportamento de Camilo Santana e Roberto Cl\u00e1udio no combate \u00e0 pandemia, diz Datafolha"},"content":{"rendered":"\n<p>O governador do Cear\u00e1, Camilo Santana (PT), e o prefeito de Fortaleza, Roberto Cl\u00e1udio (PDT), est\u00e3o bem avaliados entre os eleitores da Capital quando o assunto \u00e9 o enfrentamento \u00e0 pandemia do novo coronav\u00edrus. Segundo a \u00faltima pesquisa do Datafolha, encomendada pelo jornal O POVO, o petista e o pedetista t\u00eam apresentado desempenho entre bom e \u00f3timo para a popula\u00e7\u00e3o fortalezense.<\/p>\n\n\n\n<p>Com apoio disputado entre a candidata de seu partido, Luizianne Lins, e o candidato da linha sucess\u00f3ria da atual gest\u00e3o municipal, Jos\u00e9 Sarto (PDT), Camilo Santana tem aprova\u00e7\u00e3o de 62% dos entrevistados pela pesquisa. Os leitos assegurados pelas unidades de sa\u00fade e o aux\u00edlio prestado \u00e0s fam\u00edlias de baixa renda s\u00e3o os principais pontos que trazem a boa popularidade de Camilo no contexto da crise sanit\u00e1ria deste ano.<\/p>\n\n\n\n<p>O prefeito Roberto Cl\u00e1udio disp\u00f5e de avalia\u00e7\u00e3o positiva de 56% do eleitorado de Fortaleza pelas medidas de isolamento e a redu\u00e7\u00e3o do n\u00famero de casos do Covid-19 na cidade.<\/p>\n\n\n\n<p>J\u00e1 o presidente Jair Bolsonaro conta com a maior parte das avalia\u00e7\u00f5es entre ruim e p\u00e9ssimo em sua postura diante da pandemia. Envolvido em crise na sa\u00fade, negacionismo cient\u00edfico e medidas econ\u00f4micas que causaram protestos, como a redu\u00e7\u00e3o de sal\u00e1rios e suspens\u00e3o de contratos, Bolsonaro teve 45% de reprova\u00e7\u00e3o pelos fortalezenses.<\/p>\n\n\n\n<p>Os n\u00fameros n\u00e3o podem ser ignorados na hora de se analisar o cen\u00e1rio das elei\u00e7\u00f5es municipais em Fortaleza, visto o engajamento de candidatos junto \u00e0s imagens das tr\u00eas lideran\u00e7as.<\/p>\n\n\n\n<figure class=\"wp-block-image size-large\"><img loading=\"lazy\" decoding=\"async\" width=\"600\" height=\"438\" src=\"https:\/\/blogdorogeriogomes.com.br\/wp-content\/uploads\/2020\/10\/camilo-santana-e-prefeito-roberto-claudio.jpg\" alt=\"\" class=\"wp-image-18719\" srcset=\"https:\/\/blogdorogeriogomes.com.br\/noticias\/wp-content\/uploads\/2020\/10\/camilo-santana-e-prefeito-roberto-claudio.jpg 600w, https:\/\/blogdorogeriogomes.com.br\/noticias\/wp-content\/uploads\/2020\/10\/camilo-santana-e-prefeito-roberto-claudio-300x219.jpg 300w\" sizes=\"auto, (max-width: 600px) 100vw, 600px\" \/><\/figure>\n","protected":false},"excerpt":{"rendered":"<p>O governador do Cear\u00e1, Camilo Santana (PT), e o prefeito de Fortaleza, Roberto Cl\u00e1udio (PDT), est\u00e3o bem avaliados entre os eleitores da Capital quando o assunto \u00e9 o enfrentamento \u00e0 pandemia do novo coronav\u00edrus. Segundo a \u00faltima pesquisa do Datafolha, encomendada pelo jornal O POVO, o petista e o pedetista t\u00eam apresentado desempenho entre bom e \u00f3timo para a popula\u00e7\u00e3o fortalezense. Com apoio disputado entre a candidata de seu partido, Luizianne Lins, e o candidato da linha sucess\u00f3ria da&hellip;<\/p>\n","protected":false},"author":1,"featured_media":18719,"comment_status":"open","ping_status":"open","sticky":false,"template":"","format":"standard","meta":{"footnotes":""},"categories":[1],"tags":[],"class_list":["post-18718","post","type-post","status-publish","format-standard","has-post-thumbnail","hentry","category-noticias"],"_links":{"self":[{"href":"https:\/\/blogdorogeriogomes.com.br\/noticias\/wp-json\/wp\/v2\/posts\/18718","targetHints":{"allow":["GET"]}}],"collection":[{"href":"https:\/\/blogdorogeriogomes.com.br\/noticias\/wp-json\/wp\/v2\/posts"}],"about":[{"href":"https:\/\/blogdorogeriogomes.com.br\/noticias\/wp-json\/wp\/v2\/types\/post"}],"author":[{"embeddable":true,"href":"https:\/\/blogdorogeriogomes.com.br\/noticias\/wp-json\/wp\/v2\/users\/1"}],"replies":[{"embeddable":true,"href":"https:\/\/blogdorogeriogomes.com.br\/noticias\/wp-json\/wp\/v2\/comments?post=18718"}],"version-history":[{"count":1,"href":"https:\/\/blogdorogeriogomes.com.br\/noticias\/wp-json\/wp\/v2\/posts\/18718\/revisions"}],"predecessor-version":[{"id":18720,"href":"https:\/\/blogdorogeriogomes.com.br\/noticias\/wp-json\/wp\/v2\/posts\/18718\/revisions\/18720"}],"wp:featuredmedia":[{"embeddable":true,"href":"https:\/\/blogdorogeriogomes.com.br\/noticias\/wp-json\/wp\/v2\/media\/18719"}],"wp:attachment":[{"href":"https:\/\/blogdorogeriogomes.com.br\/noticias\/wp-json\/wp\/v2\/media?parent=18718"}],"wp:term":[{"taxonomy":"category","embeddable":true,"href":"https:\/\/blogdorogeriogomes.com.br\/noticias\/wp-json\/wp\/v2\/categories?post=18718"},{"taxonomy":"post_tag","embeddable":true,"href":"https:\/\/blogdorogeriogomes.com.br\/noticias\/wp-json\/wp\/v2\/tags?post=18718"}],"curies":[{"name":"wp","href":"https:\/\/api.w.org\/{rel}","templated":true}]}}