{"id":18724,"date":"2020-10-21T09:39:15","date_gmt":"2020-10-21T09:39:15","guid":{"rendered":"https:\/\/blogdorogeriogomes.com.br\/?p=18724"},"modified":"2020-10-22T09:23:33","modified_gmt":"2020-10-22T09:23:33","slug":"motim-dos-pms-no-ceara-voltou-a-gerar-embate-entre-camilo-santana-e-capitao-wagner-nas-redes-sociais","status":"publish","type":"post","link":"https:\/\/blogdorogeriogomes.com.br\/noticias\/2020\/10\/motim-dos-pms-no-ceara-voltou-a-gerar-embate-entre-camilo-santana-e-capitao-wagner-nas-redes-sociais\/","title":{"rendered":"Motim dos PMs no Cear\u00e1 voltou a gerar embate entre Camilo Santana e Capit\u00e3o Wagner nas redes sociais"},"content":{"rendered":"\n<p>Na medida que a campanha eleitoral avan\u00e7a em Fortaleza, os embates pol\u00edticos atrav\u00e9s das redes sociais ganham for\u00e7a. Nesta ter\u00e7a-feira, dia 20 de outubro, o governador Camilo Santana voltou a trocar farpas com.o candidato do Pros \u00e0 Prefeitura de Fortaleza, Capit\u00e3o Wagner Sousa. Primeiramente, Wagner classificou que a afirma\u00e7\u00e3o de Camilo de que ele foi um dos l\u00edderes do motim da PM no Cear\u00e1, no in\u00edcio do ano, era &#8220;fake news&#8221;. Em resposta, o governador respondeu: &#8220;Fake News? As imagens de seus discursos inflamados para os grupos de encapuzados e amotinados? Sua luta p\u00fablica para dar anistia aos envolvidos nos atos criminosos do motim contra a popula\u00e7\u00e3o? Capit\u00e3o Wagner, se n\u00e3o se arrepende do que fez, pelo menos assuma os seus atos&#8221;, afirmou o governador.<\/p>\n\n\n\n<p>Na sequ\u00eancia, Capit\u00e3o Wagner criticou a pol\u00edtica de seguran\u00e7a p\u00fablica do Governo do Cear\u00e1. \u201cInteressante o governador falar em assumir atos. Quando os \u00edndices de viol\u00eancia caem, \u00e9 m\u00e9rito dele. Quando sobem, a culpa \u00e9 dos outros\u201d, disse o candidato do Pros \u00e0 Prefeitura de Fortaleza.<\/p>\n\n\n\n<p>Camilo Santana \u00e9 do PT, mas aliado do atual prefeito de Fortaleza, Roberto Cl\u00e1udio. O confronto pelas redes sociais mostra que o governador entra com for\u00e7a na campanha eleitoral em favor do candidato Jos\u00e9 Sarto (PDT), apesar de n\u00e3o poder ter associado o uso da sua imagem, j\u00e1 que o PT tem candidatura pr\u00f3pria: a da ex-prefeita Luizianne Lins.<\/p>\n\n\n\n<figure class=\"wp-block-image size-large\"><img loading=\"lazy\" decoding=\"async\" width=\"678\" height=\"452\" src=\"https:\/\/blogdorogeriogomes.com.br\/wp-content\/uploads\/2020\/10\/images.jpeg\" alt=\"\" class=\"wp-image-18725\" srcset=\"https:\/\/blogdorogeriogomes.com.br\/noticias\/wp-content\/uploads\/2020\/10\/images.jpeg 678w, https:\/\/blogdorogeriogomes.com.br\/noticias\/wp-content\/uploads\/2020\/10\/images-300x200.jpeg 300w\" sizes=\"auto, (max-width: 678px) 100vw, 678px\" \/><\/figure>\n","protected":false},"excerpt":{"rendered":"<p>Na medida que a campanha eleitoral avan\u00e7a em Fortaleza, os embates pol\u00edticos atrav\u00e9s das redes sociais ganham for\u00e7a. Nesta ter\u00e7a-feira, dia 20 de outubro, o governador Camilo Santana voltou a trocar farpas com.o candidato do Pros \u00e0 Prefeitura de Fortaleza, Capit\u00e3o Wagner Sousa. Primeiramente, Wagner classificou que a afirma\u00e7\u00e3o de Camilo de que ele foi um dos l\u00edderes do motim da PM no Cear\u00e1, no in\u00edcio do ano, era &#8220;fake news&#8221;. Em resposta, o governador respondeu: &#8220;Fake News? As&hellip;<\/p>\n","protected":false},"author":1,"featured_media":18725,"comment_status":"open","ping_status":"open","sticky":false,"template":"","format":"standard","meta":{"footnotes":""},"categories":[1],"tags":[],"class_list":["post-18724","post","type-post","status-publish","format-standard","has-post-thumbnail","hentry","category-noticias"],"_links":{"self":[{"href":"https:\/\/blogdorogeriogomes.com.br\/noticias\/wp-json\/wp\/v2\/posts\/18724","targetHints":{"allow":["GET"]}}],"collection":[{"href":"https:\/\/blogdorogeriogomes.com.br\/noticias\/wp-json\/wp\/v2\/posts"}],"about":[{"href":"https:\/\/blogdorogeriogomes.com.br\/noticias\/wp-json\/wp\/v2\/types\/post"}],"author":[{"embeddable":true,"href":"https:\/\/blogdorogeriogomes.com.br\/noticias\/wp-json\/wp\/v2\/users\/1"}],"replies":[{"embeddable":true,"href":"https:\/\/blogdorogeriogomes.com.br\/noticias\/wp-json\/wp\/v2\/comments?post=18724"}],"version-history":[{"count":1,"href":"https:\/\/blogdorogeriogomes.com.br\/noticias\/wp-json\/wp\/v2\/posts\/18724\/revisions"}],"predecessor-version":[{"id":18726,"href":"https:\/\/blogdorogeriogomes.com.br\/noticias\/wp-json\/wp\/v2\/posts\/18724\/revisions\/18726"}],"wp:featuredmedia":[{"embeddable":true,"href":"https:\/\/blogdorogeriogomes.com.br\/noticias\/wp-json\/wp\/v2\/media\/18725"}],"wp:attachment":[{"href":"https:\/\/blogdorogeriogomes.com.br\/noticias\/wp-json\/wp\/v2\/media?parent=18724"}],"wp:term":[{"taxonomy":"category","embeddable":true,"href":"https:\/\/blogdorogeriogomes.com.br\/noticias\/wp-json\/wp\/v2\/categories?post=18724"},{"taxonomy":"post_tag","embeddable":true,"href":"https:\/\/blogdorogeriogomes.com.br\/noticias\/wp-json\/wp\/v2\/tags?post=18724"}],"curies":[{"name":"wp","href":"https:\/\/api.w.org\/{rel}","templated":true}]}}