{"id":18727,"date":"2020-10-21T16:47:39","date_gmt":"2020-10-21T16:47:39","guid":{"rendered":"https:\/\/blogdorogeriogomes.com.br\/?p=18727"},"modified":"2020-10-22T09:23:25","modified_gmt":"2020-10-22T09:23:25","slug":"vereador-bolsonarista-tem-candidatura-indeferida-em-fortaleza-parlamentares-enfrentam-dificuldades-nas-eleicoes-municipais","status":"publish","type":"post","link":"https:\/\/blogdorogeriogomes.com.br\/noticias\/2020\/10\/vereador-bolsonarista-tem-candidatura-indeferida-em-fortaleza-parlamentares-enfrentam-dificuldades-nas-eleicoes-municipais\/","title":{"rendered":"Vereador bolsonarista tem candidatura indeferida em Fortaleza; parlamentares enfrentam dificuldades nas elei\u00e7\u00f5es municipais"},"content":{"rendered":"\n<p>Nesta quarta-feira, dia 21 de outubro, o registro da candidatura do vereador Marcelo Lemos (PSL), na foto, foi indeferido, impedindo a disputa do parlamentar, apoiador do presidente Jair Bolsonaro, \u00e0 reelei\u00e7\u00e3o por n\u00e3o ter passado pela Lei da Ficha Limpa. A sua retirada da disputa acende indefini\u00e7\u00f5es sobre a redistribui\u00e7\u00e3o da base de votos na regi\u00e3o do Bom Jardim.<\/p>\n\n\n\n<p>As elei\u00e7\u00f5es municipais para os vereadores de Fortaleza est\u00e1 cercado de indefini\u00e7\u00f5es e desafios pelo clima at\u00edpico de campanha em 2020. A menos de um m\u00eas para o dia de vota\u00e7\u00e3o, no 15 de novembro, os postulantes \u00e0 C\u00e2mara Municipal enfrentam de esvaziamento de eventos p\u00fablicos a problemas com a Justi\u00e7a Eleitoral.<\/p>\n\n\n\n<p>Agora, na C\u00e2mara Municipal, 41 dos 43 candidatos tentam renovar mandato. Al\u00e9m de Marcelo Lemos, M\u00e1rcio Cruz (PSD) est\u00e1 fora do pleito, mas por vontade pr\u00f3pria para apoiar a candidatura da esposa, Ana Paula Brand\u00e3o.<\/p>\n\n\n\n<p>Com o cen\u00e1rio de pandemia e o curto per\u00edodo legal para pedir votos, muitos vereadores est\u00e3o preocupados e correm o risco de ficar de fora dos pr\u00f3ximos quatro anos. A base pedetista de Roberto Cl\u00e1udio, por exemplo, j\u00e1 trabalha com a possibilidade de ter uma representa\u00e7\u00e3o menor do que os atuais 16 vereadores no Legislativo. O mesmo temor envolve outros partidos da base de situa\u00e7\u00e3o.<\/p>\n\n\n\n<p>Na atual oposi\u00e7\u00e3o, h\u00e1 desejo de crescer a bancada. Mas com todos os partidos tendo que lan\u00e7ar os seus pr\u00f3prios candidatos a vereador, sem possibilidade de coliga\u00e7\u00e3o com outras legendas, o desafio \u00e9 conseguir votos suficientes para atingir coeficiente eleitoral de cada agremia\u00e7\u00e3o. Com vota\u00e7\u00e3o baixa, vai ser dif\u00edcil ser eleito este ano.<\/p>\n\n\n\n<figure class=\"wp-block-image size-large\"><img loading=\"lazy\" decoding=\"async\" width=\"512\" height=\"342\" src=\"https:\/\/blogdorogeriogomes.com.br\/wp-content\/uploads\/2020\/10\/images-1-1.jpeg\" alt=\"\" class=\"wp-image-18728\" srcset=\"https:\/\/blogdorogeriogomes.com.br\/noticias\/wp-content\/uploads\/2020\/10\/images-1-1.jpeg 512w, https:\/\/blogdorogeriogomes.com.br\/noticias\/wp-content\/uploads\/2020\/10\/images-1-1-300x200.jpeg 300w\" sizes=\"auto, (max-width: 512px) 100vw, 512px\" \/><\/figure>\n","protected":false},"excerpt":{"rendered":"<p>Nesta quarta-feira, dia 21 de outubro, o registro da candidatura do vereador Marcelo Lemos (PSL), na foto, foi indeferido, impedindo a disputa do parlamentar, apoiador do presidente Jair Bolsonaro, \u00e0 reelei\u00e7\u00e3o por n\u00e3o ter passado pela Lei da Ficha Limpa. A sua retirada da disputa acende indefini\u00e7\u00f5es sobre a redistribui\u00e7\u00e3o da base de votos na regi\u00e3o do Bom Jardim. As elei\u00e7\u00f5es municipais para os vereadores de Fortaleza est\u00e1 cercado de indefini\u00e7\u00f5es e desafios pelo clima at\u00edpico de campanha em&hellip;<\/p>\n","protected":false},"author":1,"featured_media":18728,"comment_status":"open","ping_status":"open","sticky":false,"template":"","format":"standard","meta":{"footnotes":""},"categories":[1],"tags":[],"class_list":["post-18727","post","type-post","status-publish","format-standard","has-post-thumbnail","hentry","category-noticias"],"_links":{"self":[{"href":"https:\/\/blogdorogeriogomes.com.br\/noticias\/wp-json\/wp\/v2\/posts\/18727","targetHints":{"allow":["GET"]}}],"collection":[{"href":"https:\/\/blogdorogeriogomes.com.br\/noticias\/wp-json\/wp\/v2\/posts"}],"about":[{"href":"https:\/\/blogdorogeriogomes.com.br\/noticias\/wp-json\/wp\/v2\/types\/post"}],"author":[{"embeddable":true,"href":"https:\/\/blogdorogeriogomes.com.br\/noticias\/wp-json\/wp\/v2\/users\/1"}],"replies":[{"embeddable":true,"href":"https:\/\/blogdorogeriogomes.com.br\/noticias\/wp-json\/wp\/v2\/comments?post=18727"}],"version-history":[{"count":1,"href":"https:\/\/blogdorogeriogomes.com.br\/noticias\/wp-json\/wp\/v2\/posts\/18727\/revisions"}],"predecessor-version":[{"id":18729,"href":"https:\/\/blogdorogeriogomes.com.br\/noticias\/wp-json\/wp\/v2\/posts\/18727\/revisions\/18729"}],"wp:featuredmedia":[{"embeddable":true,"href":"https:\/\/blogdorogeriogomes.com.br\/noticias\/wp-json\/wp\/v2\/media\/18728"}],"wp:attachment":[{"href":"https:\/\/blogdorogeriogomes.com.br\/noticias\/wp-json\/wp\/v2\/media?parent=18727"}],"wp:term":[{"taxonomy":"category","embeddable":true,"href":"https:\/\/blogdorogeriogomes.com.br\/noticias\/wp-json\/wp\/v2\/categories?post=18727"},{"taxonomy":"post_tag","embeddable":true,"href":"https:\/\/blogdorogeriogomes.com.br\/noticias\/wp-json\/wp\/v2\/tags?post=18727"}],"curies":[{"name":"wp","href":"https:\/\/api.w.org\/{rel}","templated":true}]}}