{"id":18733,"date":"2020-10-22T00:06:37","date_gmt":"2020-10-22T00:06:37","guid":{"rendered":"https:\/\/blogdorogeriogomes.com.br\/?p=18733"},"modified":"2020-10-22T09:23:08","modified_gmt":"2020-10-22T09:23:08","slug":"pesquisa-real-big-data-coloca-capitao-wagner-com-31-luizianne-com-21-e-sarto-com-18-na-intencao-de-votos-em-fortaleza","status":"publish","type":"post","link":"https:\/\/blogdorogeriogomes.com.br\/noticias\/2020\/10\/pesquisa-real-big-data-coloca-capitao-wagner-com-31-luizianne-com-21-e-sarto-com-18-na-intencao-de-votos-em-fortaleza\/","title":{"rendered":"Pesquisa Real Big Data coloca Capit\u00e3o Wagner com 31%, Luizianne com 21% e Sarto com 18% na inten\u00e7\u00e3o de votos em Fortaleza"},"content":{"rendered":"\n<p>Mais uma pesquisa eleitoral para a Prefeitura de Fortaleza esquenta a campanha eleitoral. A CNN divulgou pesquisa do Instituto&nbsp;RealTime Big Data, que coloca Capit\u00e3o Wagner (Pros) na lideran\u00e7a com 31%. Luizianne Lins (PT) aparece em segundo com 21% e Jos\u00e9 Sarto (PDT) na terceira coloca\u00e7\u00e3o com 18%.<\/p>\n\n\n\n<p>Na sequ\u00eancia aparecem Renato Roseno (PSOL) e Heitor F\u00e9rrer (Solidariedade) com 4%, C\u00e9lio Studart (PV) com 2% e Samuel Braga (Patriota), Anizio Melo (PCdoB) e Heitor Freire (PSL) com 1%.<\/p>\n\n\n\n<p>A campanha em Fortaleza deve ganhar em temperatura nos pr\u00f3ximos dias com a informa\u00e7\u00e3o do candidato do PDT, Jos\u00e9 Sarto, de que recebeu alta da Covid-19. Ele confirmou que dever\u00e1 retornar \u00e0s atividades de rua. O governador Camilo Santana (PT) tamb\u00e9m confirmou nesta quarta-feira, dia 21 de outubro, que est\u00e1 curado da pandemia do coronav\u00edrus.<\/p>\n\n\n\n<figure class=\"wp-block-image size-large\"><img loading=\"lazy\" decoding=\"async\" width=\"550\" height=\"504\" src=\"https:\/\/blogdorogeriogomes.com.br\/wp-content\/uploads\/2020\/10\/images-3-1.jpeg\" alt=\"\" class=\"wp-image-18734\" srcset=\"https:\/\/blogdorogeriogomes.com.br\/noticias\/wp-content\/uploads\/2020\/10\/images-3-1.jpeg 550w, https:\/\/blogdorogeriogomes.com.br\/noticias\/wp-content\/uploads\/2020\/10\/images-3-1-300x275.jpeg 300w\" sizes=\"auto, (max-width: 550px) 100vw, 550px\" \/><\/figure>\n\n\n\n<p><\/p>\n","protected":false},"excerpt":{"rendered":"<p>Mais uma pesquisa eleitoral para a Prefeitura de Fortaleza esquenta a campanha eleitoral. A CNN divulgou pesquisa do Instituto&nbsp;RealTime Big Data, que coloca Capit\u00e3o Wagner (Pros) na lideran\u00e7a com 31%. Luizianne Lins (PT) aparece em segundo com 21% e Jos\u00e9 Sarto (PDT) na terceira coloca\u00e7\u00e3o com 18%. Na sequ\u00eancia aparecem Renato Roseno (PSOL) e Heitor F\u00e9rrer (Solidariedade) com 4%, C\u00e9lio Studart (PV) com 2% e Samuel Braga (Patriota), Anizio Melo (PCdoB) e Heitor Freire (PSL) com 1%. A campanha&hellip;<\/p>\n","protected":false},"author":1,"featured_media":18734,"comment_status":"open","ping_status":"open","sticky":false,"template":"","format":"standard","meta":{"footnotes":""},"categories":[1],"tags":[],"class_list":["post-18733","post","type-post","status-publish","format-standard","has-post-thumbnail","hentry","category-noticias"],"_links":{"self":[{"href":"https:\/\/blogdorogeriogomes.com.br\/noticias\/wp-json\/wp\/v2\/posts\/18733","targetHints":{"allow":["GET"]}}],"collection":[{"href":"https:\/\/blogdorogeriogomes.com.br\/noticias\/wp-json\/wp\/v2\/posts"}],"about":[{"href":"https:\/\/blogdorogeriogomes.com.br\/noticias\/wp-json\/wp\/v2\/types\/post"}],"author":[{"embeddable":true,"href":"https:\/\/blogdorogeriogomes.com.br\/noticias\/wp-json\/wp\/v2\/users\/1"}],"replies":[{"embeddable":true,"href":"https:\/\/blogdorogeriogomes.com.br\/noticias\/wp-json\/wp\/v2\/comments?post=18733"}],"version-history":[{"count":2,"href":"https:\/\/blogdorogeriogomes.com.br\/noticias\/wp-json\/wp\/v2\/posts\/18733\/revisions"}],"predecessor-version":[{"id":18741,"href":"https:\/\/blogdorogeriogomes.com.br\/noticias\/wp-json\/wp\/v2\/posts\/18733\/revisions\/18741"}],"wp:featuredmedia":[{"embeddable":true,"href":"https:\/\/blogdorogeriogomes.com.br\/noticias\/wp-json\/wp\/v2\/media\/18734"}],"wp:attachment":[{"href":"https:\/\/blogdorogeriogomes.com.br\/noticias\/wp-json\/wp\/v2\/media?parent=18733"}],"wp:term":[{"taxonomy":"category","embeddable":true,"href":"https:\/\/blogdorogeriogomes.com.br\/noticias\/wp-json\/wp\/v2\/categories?post=18733"},{"taxonomy":"post_tag","embeddable":true,"href":"https:\/\/blogdorogeriogomes.com.br\/noticias\/wp-json\/wp\/v2\/tags?post=18733"}],"curies":[{"name":"wp","href":"https:\/\/api.w.org\/{rel}","templated":true}]}}