{"id":18736,"date":"2020-10-22T09:10:32","date_gmt":"2020-10-22T09:10:32","guid":{"rendered":"https:\/\/blogdorogeriogomes.com.br\/?p=18736"},"modified":"2020-10-22T09:24:00","modified_gmt":"2020-10-22T09:24:00","slug":"18736","status":"publish","type":"post","link":"https:\/\/blogdorogeriogomes.com.br\/noticias\/2020\/10\/18736\/","title":{"rendered":"Senado aprova nome do piauiense Kassio Marques para vaga de ministro do Supremo Tribunal Federal"},"content":{"rendered":"\n<p>O Senado Federal aprovou, na noite desta quarta-feira, dia 21 de outubro, por 57 votos a 10, a indica\u00e7\u00e3o de Kassio Marques, para ministro do Supremo Tribunal Federal. Ele assume a vaga aberta pela aposentadoria de Celso de Mello. Natural de Teresina (PI). Kassio ser\u00e1 o 1\u00ba membro nordestino do STF desde Ayres Britto, ministro entre 2003 e 2013.<\/p>\n\n\n\n<p>Kassio Marques disse aos senadores que se considera um magistrado &#8220;garantista&#8221;, em refer\u00eancia \u00e0 corrente jur\u00eddica conhecida pela \u00eanfase no respeito aos direitos dos r\u00e9us. Essa vertente \u00e9 criticada por juristas e alguns pol\u00edticos que a vinculam \u00e0 impunidade.<\/p>\n\n\n\n<figure class=\"wp-block-image size-large\"><img loading=\"lazy\" decoding=\"async\" width=\"799\" height=\"449\" src=\"https:\/\/blogdorogeriogomes.com.br\/wp-content\/uploads\/2020\/10\/foto.jpg\" alt=\"\" class=\"wp-image-18737\" srcset=\"https:\/\/blogdorogeriogomes.com.br\/noticias\/wp-content\/uploads\/2020\/10\/foto.jpg 799w, https:\/\/blogdorogeriogomes.com.br\/noticias\/wp-content\/uploads\/2020\/10\/foto-300x169.jpg 300w, https:\/\/blogdorogeriogomes.com.br\/noticias\/wp-content\/uploads\/2020\/10\/foto-768x432.jpg 768w\" sizes=\"auto, (max-width: 799px) 100vw, 799px\" \/><\/figure>\n","protected":false},"excerpt":{"rendered":"<p>O Senado Federal aprovou, na noite desta quarta-feira, dia 21 de outubro, por 57 votos a 10, a indica\u00e7\u00e3o de Kassio Marques, para ministro do Supremo Tribunal Federal. Ele assume a vaga aberta pela aposentadoria de Celso de Mello. Natural de Teresina (PI). Kassio ser\u00e1 o 1\u00ba membro nordestino do STF desde Ayres Britto, ministro entre 2003 e 2013. Kassio Marques disse aos senadores que se considera um magistrado &#8220;garantista&#8221;, em refer\u00eancia \u00e0 corrente jur\u00eddica conhecida pela \u00eanfase no&hellip;<\/p>\n","protected":false},"author":1,"featured_media":18737,"comment_status":"open","ping_status":"open","sticky":false,"template":"","format":"standard","meta":{"footnotes":""},"categories":[1],"tags":[],"class_list":["post-18736","post","type-post","status-publish","format-standard","has-post-thumbnail","hentry","category-noticias"],"_links":{"self":[{"href":"https:\/\/blogdorogeriogomes.com.br\/noticias\/wp-json\/wp\/v2\/posts\/18736","targetHints":{"allow":["GET"]}}],"collection":[{"href":"https:\/\/blogdorogeriogomes.com.br\/noticias\/wp-json\/wp\/v2\/posts"}],"about":[{"href":"https:\/\/blogdorogeriogomes.com.br\/noticias\/wp-json\/wp\/v2\/types\/post"}],"author":[{"embeddable":true,"href":"https:\/\/blogdorogeriogomes.com.br\/noticias\/wp-json\/wp\/v2\/users\/1"}],"replies":[{"embeddable":true,"href":"https:\/\/blogdorogeriogomes.com.br\/noticias\/wp-json\/wp\/v2\/comments?post=18736"}],"version-history":[{"count":2,"href":"https:\/\/blogdorogeriogomes.com.br\/noticias\/wp-json\/wp\/v2\/posts\/18736\/revisions"}],"predecessor-version":[{"id":18739,"href":"https:\/\/blogdorogeriogomes.com.br\/noticias\/wp-json\/wp\/v2\/posts\/18736\/revisions\/18739"}],"wp:featuredmedia":[{"embeddable":true,"href":"https:\/\/blogdorogeriogomes.com.br\/noticias\/wp-json\/wp\/v2\/media\/18737"}],"wp:attachment":[{"href":"https:\/\/blogdorogeriogomes.com.br\/noticias\/wp-json\/wp\/v2\/media?parent=18736"}],"wp:term":[{"taxonomy":"category","embeddable":true,"href":"https:\/\/blogdorogeriogomes.com.br\/noticias\/wp-json\/wp\/v2\/categories?post=18736"},{"taxonomy":"post_tag","embeddable":true,"href":"https:\/\/blogdorogeriogomes.com.br\/noticias\/wp-json\/wp\/v2\/tags?post=18736"}],"curies":[{"name":"wp","href":"https:\/\/api.w.org\/{rel}","templated":true}]}}