{"id":18740,"date":"2020-10-22T09:31:13","date_gmt":"2020-10-22T09:31:13","guid":{"rendered":"https:\/\/blogdorogeriogomes.com.br\/?p=18740"},"modified":"2020-10-23T21:28:23","modified_gmt":"2020-10-23T21:28:23","slug":"unimed-fortaleza-suspende-cirurgias-eletivas-devido-ao-aumento-de-casos-da-covid-19","status":"publish","type":"post","link":"https:\/\/blogdorogeriogomes.com.br\/noticias\/2020\/10\/unimed-fortaleza-suspende-cirurgias-eletivas-devido-ao-aumento-de-casos-da-covid-19\/","title":{"rendered":"Unimed Fortaleza suspende cirurgias eletivas devido ao aumento de casos da Covid-19"},"content":{"rendered":"\n<p>A Unimed Fortaleza suspendeu, at\u00e9 o pr\u00f3ximo domingo, dia 25 de outubro, a realiza\u00e7\u00e3o de cirurgias eletivas devido ao registro de novos atendimentos de casos coma Covid-19. O presidente da Unimed Fortaleza, Elias Leite, garante que a unidade hospitalar vai garantir a amplia\u00e7\u00e3o de leitos para atender os casos da doen\u00e7a. <\/p>\n\n\n\n<p>Nos \u00faltimos dois dias j\u00e1 foram registrados mais 300 atendimentos no Hospital da Unimed com suspeita de estar com o novo coronav\u00edrus. Na ter\u00e7a-feira, dia 20 de outubro, havia 56 pacientes internados com a Covid-19, sendo 23 em Unidades de Terapia Intensiva (UTI).<\/p>\n\n\n\n<figure class=\"wp-block-image size-large\"><img loading=\"lazy\" decoding=\"async\" width=\"670\" height=\"458\" src=\"https:\/\/blogdorogeriogomes.com.br\/wp-content\/uploads\/2020\/10\/images-7.jpeg\" alt=\"\" class=\"wp-image-18742\" srcset=\"https:\/\/blogdorogeriogomes.com.br\/noticias\/wp-content\/uploads\/2020\/10\/images-7.jpeg 670w, https:\/\/blogdorogeriogomes.com.br\/noticias\/wp-content\/uploads\/2020\/10\/images-7-300x205.jpeg 300w\" sizes=\"auto, (max-width: 670px) 100vw, 670px\" \/><\/figure>\n","protected":false},"excerpt":{"rendered":"<p>A Unimed Fortaleza suspendeu, at\u00e9 o pr\u00f3ximo domingo, dia 25 de outubro, a realiza\u00e7\u00e3o de cirurgias eletivas devido ao registro de novos atendimentos de casos coma Covid-19. O presidente da Unimed Fortaleza, Elias Leite, garante que a unidade hospitalar vai garantir a amplia\u00e7\u00e3o de leitos para atender os casos da doen\u00e7a. Nos \u00faltimos dois dias j\u00e1 foram registrados mais 300 atendimentos no Hospital da Unimed com suspeita de estar com o novo coronav\u00edrus. Na ter\u00e7a-feira, dia 20 de outubro,&hellip;<\/p>\n","protected":false},"author":1,"featured_media":18742,"comment_status":"open","ping_status":"open","sticky":false,"template":"","format":"standard","meta":{"footnotes":""},"categories":[1],"tags":[],"class_list":["post-18740","post","type-post","status-publish","format-standard","has-post-thumbnail","hentry","category-noticias"],"_links":{"self":[{"href":"https:\/\/blogdorogeriogomes.com.br\/noticias\/wp-json\/wp\/v2\/posts\/18740","targetHints":{"allow":["GET"]}}],"collection":[{"href":"https:\/\/blogdorogeriogomes.com.br\/noticias\/wp-json\/wp\/v2\/posts"}],"about":[{"href":"https:\/\/blogdorogeriogomes.com.br\/noticias\/wp-json\/wp\/v2\/types\/post"}],"author":[{"embeddable":true,"href":"https:\/\/blogdorogeriogomes.com.br\/noticias\/wp-json\/wp\/v2\/users\/1"}],"replies":[{"embeddable":true,"href":"https:\/\/blogdorogeriogomes.com.br\/noticias\/wp-json\/wp\/v2\/comments?post=18740"}],"version-history":[{"count":1,"href":"https:\/\/blogdorogeriogomes.com.br\/noticias\/wp-json\/wp\/v2\/posts\/18740\/revisions"}],"predecessor-version":[{"id":18743,"href":"https:\/\/blogdorogeriogomes.com.br\/noticias\/wp-json\/wp\/v2\/posts\/18740\/revisions\/18743"}],"wp:featuredmedia":[{"embeddable":true,"href":"https:\/\/blogdorogeriogomes.com.br\/noticias\/wp-json\/wp\/v2\/media\/18742"}],"wp:attachment":[{"href":"https:\/\/blogdorogeriogomes.com.br\/noticias\/wp-json\/wp\/v2\/media?parent=18740"}],"wp:term":[{"taxonomy":"category","embeddable":true,"href":"https:\/\/blogdorogeriogomes.com.br\/noticias\/wp-json\/wp\/v2\/categories?post=18740"},{"taxonomy":"post_tag","embeddable":true,"href":"https:\/\/blogdorogeriogomes.com.br\/noticias\/wp-json\/wp\/v2\/tags?post=18740"}],"curies":[{"name":"wp","href":"https:\/\/api.w.org\/{rel}","templated":true}]}}