{"id":18744,"date":"2020-10-22T20:03:49","date_gmt":"2020-10-22T20:03:49","guid":{"rendered":"https:\/\/blogdorogeriogomes.com.br\/?p=18744"},"modified":"2020-10-23T21:28:13","modified_gmt":"2020-10-23T21:28:13","slug":"sindicado-dos-medicos-do-ceara-destina-carta-com-reivindicacoes-a-candidatos-a-prefeitura-de-fortaleza","status":"publish","type":"post","link":"https:\/\/blogdorogeriogomes.com.br\/noticias\/2020\/10\/sindicado-dos-medicos-do-ceara-destina-carta-com-reivindicacoes-a-candidatos-a-prefeitura-de-fortaleza\/","title":{"rendered":"Sindicado dos M\u00e9dicos do Cear\u00e1 destina carta com reivindica\u00e7\u00f5es a candidatos \u00e0 Prefeitura de Fortaleza"},"content":{"rendered":"\n<p>O Sindicato dos M\u00e9dicos do Cear\u00e1 preparou carta com reivindica\u00e7\u00f5es da categoria destinada aos quatro candidatos \u00e0 prefeito de Fortaleza melhor avaliados pelas \u00faltimas pesquisas divulgadas, Capit\u00e3o Wagner (Pros), Luizianne Lins (PT), Jos\u00e9 Sarto (PDT) e Heitor F\u00e9rrer (SD). No documento constam implementa\u00e7\u00f5es de pol\u00edticas p\u00fablicas voltadas para o campo da Sa\u00fade, a\u00e7\u00f5es de preven\u00e7\u00e3o e valoriza\u00e7\u00e3o dos profissionais no setor p\u00fablico.<\/p>\n\n\n\n<p>A carta foi entregue durante o evento Sa\u00fade em Destaque. Dos candidatos convidados, estiveram presentes Capit\u00e3o Wagner e Heitor F\u00e9rrer (ambos na foto). Ambos prometeram melhorias para a rede p\u00fablica de sa\u00fade, mais estrutura para hospitais e melhores condi\u00e7\u00f5es de trabalho para os m\u00e9dicos das unidades de Fortaleza.<\/p>\n\n\n\n<p>Luizianne Lins e \u00c9lcio Batista, candidato \u00e0 vice de Jos\u00e9 Sarto (que ainda n\u00e3o havia testado negativo para Covid-19), justificaram as suas aus\u00eancia devido a incompatibilidade nas agendas de campanha.<\/p>\n\n\n\n<figure class=\"wp-block-image size-large\"><img loading=\"lazy\" decoding=\"async\" width=\"740\" height=\"399\" src=\"https:\/\/blogdorogeriogomes.com.br\/wp-content\/uploads\/2020\/10\/images-8-1.jpeg\" alt=\"\" class=\"wp-image-18745\" srcset=\"https:\/\/blogdorogeriogomes.com.br\/noticias\/wp-content\/uploads\/2020\/10\/images-8-1.jpeg 740w, https:\/\/blogdorogeriogomes.com.br\/noticias\/wp-content\/uploads\/2020\/10\/images-8-1-300x162.jpeg 300w\" sizes=\"auto, (max-width: 740px) 100vw, 740px\" \/><\/figure>\n","protected":false},"excerpt":{"rendered":"<p>O Sindicato dos M\u00e9dicos do Cear\u00e1 preparou carta com reivindica\u00e7\u00f5es da categoria destinada aos quatro candidatos \u00e0 prefeito de Fortaleza melhor avaliados pelas \u00faltimas pesquisas divulgadas, Capit\u00e3o Wagner (Pros), Luizianne Lins (PT), Jos\u00e9 Sarto (PDT) e Heitor F\u00e9rrer (SD). No documento constam implementa\u00e7\u00f5es de pol\u00edticas p\u00fablicas voltadas para o campo da Sa\u00fade, a\u00e7\u00f5es de preven\u00e7\u00e3o e valoriza\u00e7\u00e3o dos profissionais no setor p\u00fablico. A carta foi entregue durante o evento Sa\u00fade em Destaque. Dos candidatos convidados, estiveram presentes Capit\u00e3o Wagner&hellip;<\/p>\n","protected":false},"author":1,"featured_media":18745,"comment_status":"open","ping_status":"open","sticky":false,"template":"","format":"standard","meta":{"footnotes":""},"categories":[1],"tags":[],"class_list":["post-18744","post","type-post","status-publish","format-standard","has-post-thumbnail","hentry","category-noticias"],"_links":{"self":[{"href":"https:\/\/blogdorogeriogomes.com.br\/noticias\/wp-json\/wp\/v2\/posts\/18744","targetHints":{"allow":["GET"]}}],"collection":[{"href":"https:\/\/blogdorogeriogomes.com.br\/noticias\/wp-json\/wp\/v2\/posts"}],"about":[{"href":"https:\/\/blogdorogeriogomes.com.br\/noticias\/wp-json\/wp\/v2\/types\/post"}],"author":[{"embeddable":true,"href":"https:\/\/blogdorogeriogomes.com.br\/noticias\/wp-json\/wp\/v2\/users\/1"}],"replies":[{"embeddable":true,"href":"https:\/\/blogdorogeriogomes.com.br\/noticias\/wp-json\/wp\/v2\/comments?post=18744"}],"version-history":[{"count":1,"href":"https:\/\/blogdorogeriogomes.com.br\/noticias\/wp-json\/wp\/v2\/posts\/18744\/revisions"}],"predecessor-version":[{"id":18746,"href":"https:\/\/blogdorogeriogomes.com.br\/noticias\/wp-json\/wp\/v2\/posts\/18744\/revisions\/18746"}],"wp:featuredmedia":[{"embeddable":true,"href":"https:\/\/blogdorogeriogomes.com.br\/noticias\/wp-json\/wp\/v2\/media\/18745"}],"wp:attachment":[{"href":"https:\/\/blogdorogeriogomes.com.br\/noticias\/wp-json\/wp\/v2\/media?parent=18744"}],"wp:term":[{"taxonomy":"category","embeddable":true,"href":"https:\/\/blogdorogeriogomes.com.br\/noticias\/wp-json\/wp\/v2\/categories?post=18744"},{"taxonomy":"post_tag","embeddable":true,"href":"https:\/\/blogdorogeriogomes.com.br\/noticias\/wp-json\/wp\/v2\/tags?post=18744"}],"curies":[{"name":"wp","href":"https:\/\/api.w.org\/{rel}","templated":true}]}}