{"id":18747,"date":"2020-10-22T20:10:08","date_gmt":"2020-10-22T20:10:08","guid":{"rendered":"https:\/\/blogdorogeriogomes.com.br\/?p=18747"},"modified":"2020-10-23T21:28:00","modified_gmt":"2020-10-23T21:28:00","slug":"jose-sarto-esta-recuperado-da-covid-19-e-ja-participa-de-reuniao-do-comite-de-campanha-nesta-quinta-feira","status":"publish","type":"post","link":"https:\/\/blogdorogeriogomes.com.br\/noticias\/2020\/10\/jose-sarto-esta-recuperado-da-covid-19-e-ja-participa-de-reuniao-do-comite-de-campanha-nesta-quinta-feira\/","title":{"rendered":"Jos\u00e9 Sarto est\u00e1 recuperado da Covid-19 e j\u00e1 participa de reuni\u00e3o do comit\u00ea de campanha nesta quinta-feira"},"content":{"rendered":"\n<p>Ap\u00f3s receber alta hospitalar, o candidato Jos\u00e9 Sarto (PDT) testou negativo para Covid-19 e retoma as atividades de sua campanha para prefeito de Fortaleza nesta quinta-feira, dia 22 de outubro, quando participa de reuni\u00e3o do comit\u00ea de campanha sobre juventude.<\/p>\n\n\n\n<p>Sarto testou positivo para o novo coronav\u00edrus no \u00faltimo dia 5 de outubro, na primeira semana de atividades das elei\u00e7\u00f5es municipais. No \u00faltimo domingo, o pedetista foi internado no Hospital da Unimed como parte de sua recupera\u00e7\u00e3o.<\/p>\n\n\n\n<p>Enquanto o postulante ao Pa\u00e7o Municipal esteve sob cuidados m\u00e9dicos, a chapa contou com o candidato \u00e0 vice-prefeito, \u00c9lcio Batista, e o prefeito Roberto Cl\u00e1udio para realizar as agendas na Capital.<\/p>\n\n\n\n<p>Segundo a pesquisa Real Big Data, divulgada na \u00faltima quarta-feira, dia 21 de outubro, pela CNN, Sarto est\u00e1 em terceiro nas inten\u00e7\u00f5es de votos em Fortaleza, com 16%, atr\u00e1s de Capit\u00e3o Wagner (31%) e Luizianne Lins (21%).<\/p>\n\n\n\n<p>Com teste positivo para Covid-19 recebido na mesma \u00e9poca de Sarto, o governador Camilo Santana tamb\u00e9m anunciou na \u00faltima quarta-feira que tamb\u00e9m est\u00e1 recuperado do novo coronav\u00edrus, e j\u00e1 voltou aos trabalhos normais no Governo do Estado.<\/p>\n\n\n\n<figure class=\"wp-block-image size-large\"><img loading=\"lazy\" decoding=\"async\" width=\"1024\" height=\"575\" src=\"https:\/\/blogdorogeriogomes.com.br\/wp-content\/uploads\/2020\/10\/foto_eleicoes_2020_fortaleza_1020_sarto-13843151-1024x575.jpg\" alt=\"\" class=\"wp-image-18748\" srcset=\"https:\/\/blogdorogeriogomes.com.br\/noticias\/wp-content\/uploads\/2020\/10\/foto_eleicoes_2020_fortaleza_1020_sarto-13843151-1024x575.jpg 1024w, https:\/\/blogdorogeriogomes.com.br\/noticias\/wp-content\/uploads\/2020\/10\/foto_eleicoes_2020_fortaleza_1020_sarto-13843151-300x168.jpg 300w, https:\/\/blogdorogeriogomes.com.br\/noticias\/wp-content\/uploads\/2020\/10\/foto_eleicoes_2020_fortaleza_1020_sarto-13843151-768x431.jpg 768w, https:\/\/blogdorogeriogomes.com.br\/noticias\/wp-content\/uploads\/2020\/10\/foto_eleicoes_2020_fortaleza_1020_sarto-13843151-1536x862.jpg 1536w, https:\/\/blogdorogeriogomes.com.br\/noticias\/wp-content\/uploads\/2020\/10\/foto_eleicoes_2020_fortaleza_1020_sarto-13843151-800x449.jpg 800w, https:\/\/blogdorogeriogomes.com.br\/noticias\/wp-content\/uploads\/2020\/10\/foto_eleicoes_2020_fortaleza_1020_sarto-13843151.jpg 1920w\" sizes=\"auto, (max-width: 1024px) 100vw, 1024px\" \/><\/figure>\n","protected":false},"excerpt":{"rendered":"<p>Ap\u00f3s receber alta hospitalar, o candidato Jos\u00e9 Sarto (PDT) testou negativo para Covid-19 e retoma as atividades de sua campanha para prefeito de Fortaleza nesta quinta-feira, dia 22 de outubro, quando participa de reuni\u00e3o do comit\u00ea de campanha sobre juventude. Sarto testou positivo para o novo coronav\u00edrus no \u00faltimo dia 5 de outubro, na primeira semana de atividades das elei\u00e7\u00f5es municipais. No \u00faltimo domingo, o pedetista foi internado no Hospital da Unimed como parte de sua recupera\u00e7\u00e3o. Enquanto o&hellip;<\/p>\n","protected":false},"author":1,"featured_media":18748,"comment_status":"open","ping_status":"open","sticky":false,"template":"","format":"standard","meta":{"footnotes":""},"categories":[1],"tags":[],"class_list":["post-18747","post","type-post","status-publish","format-standard","has-post-thumbnail","hentry","category-noticias"],"_links":{"self":[{"href":"https:\/\/blogdorogeriogomes.com.br\/noticias\/wp-json\/wp\/v2\/posts\/18747","targetHints":{"allow":["GET"]}}],"collection":[{"href":"https:\/\/blogdorogeriogomes.com.br\/noticias\/wp-json\/wp\/v2\/posts"}],"about":[{"href":"https:\/\/blogdorogeriogomes.com.br\/noticias\/wp-json\/wp\/v2\/types\/post"}],"author":[{"embeddable":true,"href":"https:\/\/blogdorogeriogomes.com.br\/noticias\/wp-json\/wp\/v2\/users\/1"}],"replies":[{"embeddable":true,"href":"https:\/\/blogdorogeriogomes.com.br\/noticias\/wp-json\/wp\/v2\/comments?post=18747"}],"version-history":[{"count":1,"href":"https:\/\/blogdorogeriogomes.com.br\/noticias\/wp-json\/wp\/v2\/posts\/18747\/revisions"}],"predecessor-version":[{"id":18749,"href":"https:\/\/blogdorogeriogomes.com.br\/noticias\/wp-json\/wp\/v2\/posts\/18747\/revisions\/18749"}],"wp:featuredmedia":[{"embeddable":true,"href":"https:\/\/blogdorogeriogomes.com.br\/noticias\/wp-json\/wp\/v2\/media\/18748"}],"wp:attachment":[{"href":"https:\/\/blogdorogeriogomes.com.br\/noticias\/wp-json\/wp\/v2\/media?parent=18747"}],"wp:term":[{"taxonomy":"category","embeddable":true,"href":"https:\/\/blogdorogeriogomes.com.br\/noticias\/wp-json\/wp\/v2\/categories?post=18747"},{"taxonomy":"post_tag","embeddable":true,"href":"https:\/\/blogdorogeriogomes.com.br\/noticias\/wp-json\/wp\/v2\/tags?post=18747"}],"curies":[{"name":"wp","href":"https:\/\/api.w.org\/{rel}","templated":true}]}}