{"id":18750,"date":"2020-10-22T20:25:47","date_gmt":"2020-10-22T20:25:47","guid":{"rendered":"https:\/\/blogdorogeriogomes.com.br\/?p=18750"},"modified":"2020-10-23T21:27:50","modified_gmt":"2020-10-23T21:27:50","slug":"sem-repasse-de-dinheiro-ibama-suspende-acoes-de-combate-as-queimadas-e-incendios","status":"publish","type":"post","link":"https:\/\/blogdorogeriogomes.com.br\/noticias\/2020\/10\/sem-repasse-de-dinheiro-ibama-suspende-acoes-de-combate-as-queimadas-e-incendios\/","title":{"rendered":"Sem repasse de dinheiro, Ibama suspende a\u00e7\u00f5es de combate \u00e0s queimadas e inc\u00eandios"},"content":{"rendered":"\n<p>O descaso do Governo Federal com o meio ambiente fez com que o Instituto Brasileiro do Meio Ambiente e dos Recursos Naturais Renov\u00e1veis (Ibama) divulgasse uma nota, nesta quinta-feira, dia 22 de outubro, na qual afirmou que a &#8220;exaust\u00e3o de recursos&#8221; do \u00f3rg\u00e3o levou ao recolhimento das brigadas que atuam no combate a inc\u00eandios florestais. <\/p>\n\n\n\n<p>O \u00f3rg\u00e3o ambiental diz que passa por dificuldades financeiras desde setembro passado &#8220;quanto \u00e0 libera\u00e7\u00e3o financeira por parte da Secretaria do Tesouro Nacional&#8221;. Os pagamentos atrasados somam R$ 19 milh\u00f5es.<\/p>\n\n\n\n<p>A informa\u00e7\u00e3o do atraso no repasse de recursos para o Ibama \u00e9 confirmada pelo pr\u00f3prio presidente nacional do \u00f3rg\u00e3o, Eduardo Bim. A suspens\u00e3o do trabalho dos agentes ambientais \u00e9 determinada em um momento em que tanto o Pantanal quanto a Amaz\u00f4nia t\u00eam recordes de queimadas.<\/p>\n\n\n\n<figure class=\"wp-block-image size-large\"><img loading=\"lazy\" decoding=\"async\" width=\"715\" height=\"429\" src=\"https:\/\/blogdorogeriogomes.com.br\/wp-content\/uploads\/2020\/10\/images-9-1.jpeg\" alt=\"\" class=\"wp-image-18751\" srcset=\"https:\/\/blogdorogeriogomes.com.br\/noticias\/wp-content\/uploads\/2020\/10\/images-9-1.jpeg 715w, https:\/\/blogdorogeriogomes.com.br\/noticias\/wp-content\/uploads\/2020\/10\/images-9-1-300x180.jpeg 300w\" sizes=\"auto, (max-width: 715px) 100vw, 715px\" \/><\/figure>\n","protected":false},"excerpt":{"rendered":"<p>O descaso do Governo Federal com o meio ambiente fez com que o Instituto Brasileiro do Meio Ambiente e dos Recursos Naturais Renov\u00e1veis (Ibama) divulgasse uma nota, nesta quinta-feira, dia 22 de outubro, na qual afirmou que a &#8220;exaust\u00e3o de recursos&#8221; do \u00f3rg\u00e3o levou ao recolhimento das brigadas que atuam no combate a inc\u00eandios florestais. O \u00f3rg\u00e3o ambiental diz que passa por dificuldades financeiras desde setembro passado &#8220;quanto \u00e0 libera\u00e7\u00e3o financeira por parte da Secretaria do Tesouro Nacional&#8221;. Os&hellip;<\/p>\n","protected":false},"author":1,"featured_media":18751,"comment_status":"open","ping_status":"open","sticky":false,"template":"","format":"standard","meta":{"footnotes":""},"categories":[1],"tags":[],"class_list":["post-18750","post","type-post","status-publish","format-standard","has-post-thumbnail","hentry","category-noticias"],"_links":{"self":[{"href":"https:\/\/blogdorogeriogomes.com.br\/noticias\/wp-json\/wp\/v2\/posts\/18750","targetHints":{"allow":["GET"]}}],"collection":[{"href":"https:\/\/blogdorogeriogomes.com.br\/noticias\/wp-json\/wp\/v2\/posts"}],"about":[{"href":"https:\/\/blogdorogeriogomes.com.br\/noticias\/wp-json\/wp\/v2\/types\/post"}],"author":[{"embeddable":true,"href":"https:\/\/blogdorogeriogomes.com.br\/noticias\/wp-json\/wp\/v2\/users\/1"}],"replies":[{"embeddable":true,"href":"https:\/\/blogdorogeriogomes.com.br\/noticias\/wp-json\/wp\/v2\/comments?post=18750"}],"version-history":[{"count":1,"href":"https:\/\/blogdorogeriogomes.com.br\/noticias\/wp-json\/wp\/v2\/posts\/18750\/revisions"}],"predecessor-version":[{"id":18752,"href":"https:\/\/blogdorogeriogomes.com.br\/noticias\/wp-json\/wp\/v2\/posts\/18750\/revisions\/18752"}],"wp:featuredmedia":[{"embeddable":true,"href":"https:\/\/blogdorogeriogomes.com.br\/noticias\/wp-json\/wp\/v2\/media\/18751"}],"wp:attachment":[{"href":"https:\/\/blogdorogeriogomes.com.br\/noticias\/wp-json\/wp\/v2\/media?parent=18750"}],"wp:term":[{"taxonomy":"category","embeddable":true,"href":"https:\/\/blogdorogeriogomes.com.br\/noticias\/wp-json\/wp\/v2\/categories?post=18750"},{"taxonomy":"post_tag","embeddable":true,"href":"https:\/\/blogdorogeriogomes.com.br\/noticias\/wp-json\/wp\/v2\/tags?post=18750"}],"curies":[{"name":"wp","href":"https:\/\/api.w.org\/{rel}","templated":true}]}}