{"id":18756,"date":"2020-10-23T09:47:18","date_gmt":"2020-10-23T09:47:18","guid":{"rendered":"https:\/\/blogdorogeriogomes.com.br\/?p=18756"},"modified":"2020-10-23T21:27:27","modified_gmt":"2020-10-23T21:27:27","slug":"briga-na-justica-eleitoral-tem-gerado-cortes-na-propaganda-dos-candidatos-em-fortaleza","status":"publish","type":"post","link":"https:\/\/blogdorogeriogomes.com.br\/noticias\/2020\/10\/briga-na-justica-eleitoral-tem-gerado-cortes-na-propaganda-dos-candidatos-em-fortaleza\/","title":{"rendered":"Briga na Justi\u00e7a Eleitoral tem gerado cortes na propaganda dos candidatos em Fortaleza"},"content":{"rendered":"\n<p>A briga de liminares das coliga\u00e7\u00f5es partid\u00e1rias tem gerado cortes nas pe\u00e7as de propaganda eleitoral dos candidatos \u00e0 Prefeitura de Fortaleza, principalmente, Capit\u00e3o Wagner, do Pros, e Jos\u00e9 Sarto, do PDT. Nesta quinta-feira, dia 22 de outubro, os dois candidatos tiveram decis\u00f5es desfavor\u00e1veis na Justi\u00e7a.<\/p>\n\n\n\n<p>O Capit\u00e3o Wagner recebeu determina\u00e7\u00e3o da ju\u00edza Mirian Porto Randal para retirar do ar propaganda que aponta o repasse de R$ 43 milh\u00f5es em emendas para o Cear\u00e1. Na realidade, segundo a magistrada, o deputado teria repassado, em emendas parlamentares, R$ 11 milh\u00f5es entre 2019 e 2020.<\/p>\n\n\n\n<p>J\u00e1 a coliga\u00e7\u00e3o de Jos\u00e9 Sarto teve que retirar a pe\u00e7a de propaganda que indica o envio de R$ 46 milh\u00f5es para o combate \u00e0 Covid-19 no Cear\u00e1. Segundo a Justi\u00e7a Eleitoral, a informa\u00e7\u00e3o da propaganda influ\u00eancia o eleitor a entender que Sarto foi o \u00fanico deputado estadual a direcionar verbas para o combate ao coronav\u00edrus no Estado, quando na verdade cada parlamentar da Assembleia Legislativa teve direito a destinar R$ 1 milh\u00e3o de reais em emendas para a Covid-19. <\/p>\n\n\n\n<figure class=\"wp-block-image size-large\"><img loading=\"lazy\" decoding=\"async\" width=\"1024\" height=\"683\" src=\"https:\/\/blogdorogeriogomes.com.br\/wp-content\/uploads\/2020\/10\/5073541-1024x683-1.jpg\" alt=\"\" class=\"wp-image-18757\" srcset=\"https:\/\/blogdorogeriogomes.com.br\/noticias\/wp-content\/uploads\/2020\/10\/5073541-1024x683-1.jpg 1024w, https:\/\/blogdorogeriogomes.com.br\/noticias\/wp-content\/uploads\/2020\/10\/5073541-1024x683-1-300x200.jpg 300w, https:\/\/blogdorogeriogomes.com.br\/noticias\/wp-content\/uploads\/2020\/10\/5073541-1024x683-1-768x512.jpg 768w, https:\/\/blogdorogeriogomes.com.br\/noticias\/wp-content\/uploads\/2020\/10\/5073541-1024x683-1-800x534.jpg 800w\" sizes=\"auto, (max-width: 1024px) 100vw, 1024px\" \/><\/figure>\n","protected":false},"excerpt":{"rendered":"<p>A briga de liminares das coliga\u00e7\u00f5es partid\u00e1rias tem gerado cortes nas pe\u00e7as de propaganda eleitoral dos candidatos \u00e0 Prefeitura de Fortaleza, principalmente, Capit\u00e3o Wagner, do Pros, e Jos\u00e9 Sarto, do PDT. Nesta quinta-feira, dia 22 de outubro, os dois candidatos tiveram decis\u00f5es desfavor\u00e1veis na Justi\u00e7a. O Capit\u00e3o Wagner recebeu determina\u00e7\u00e3o da ju\u00edza Mirian Porto Randal para retirar do ar propaganda que aponta o repasse de R$ 43 milh\u00f5es em emendas para o Cear\u00e1. Na realidade, segundo a magistrada, o&hellip;<\/p>\n","protected":false},"author":1,"featured_media":18757,"comment_status":"open","ping_status":"open","sticky":false,"template":"","format":"standard","meta":{"footnotes":""},"categories":[1],"tags":[],"class_list":["post-18756","post","type-post","status-publish","format-standard","has-post-thumbnail","hentry","category-noticias"],"_links":{"self":[{"href":"https:\/\/blogdorogeriogomes.com.br\/noticias\/wp-json\/wp\/v2\/posts\/18756","targetHints":{"allow":["GET"]}}],"collection":[{"href":"https:\/\/blogdorogeriogomes.com.br\/noticias\/wp-json\/wp\/v2\/posts"}],"about":[{"href":"https:\/\/blogdorogeriogomes.com.br\/noticias\/wp-json\/wp\/v2\/types\/post"}],"author":[{"embeddable":true,"href":"https:\/\/blogdorogeriogomes.com.br\/noticias\/wp-json\/wp\/v2\/users\/1"}],"replies":[{"embeddable":true,"href":"https:\/\/blogdorogeriogomes.com.br\/noticias\/wp-json\/wp\/v2\/comments?post=18756"}],"version-history":[{"count":2,"href":"https:\/\/blogdorogeriogomes.com.br\/noticias\/wp-json\/wp\/v2\/posts\/18756\/revisions"}],"predecessor-version":[{"id":18759,"href":"https:\/\/blogdorogeriogomes.com.br\/noticias\/wp-json\/wp\/v2\/posts\/18756\/revisions\/18759"}],"wp:featuredmedia":[{"embeddable":true,"href":"https:\/\/blogdorogeriogomes.com.br\/noticias\/wp-json\/wp\/v2\/media\/18757"}],"wp:attachment":[{"href":"https:\/\/blogdorogeriogomes.com.br\/noticias\/wp-json\/wp\/v2\/media?parent=18756"}],"wp:term":[{"taxonomy":"category","embeddable":true,"href":"https:\/\/blogdorogeriogomes.com.br\/noticias\/wp-json\/wp\/v2\/categories?post=18756"},{"taxonomy":"post_tag","embeddable":true,"href":"https:\/\/blogdorogeriogomes.com.br\/noticias\/wp-json\/wp\/v2\/tags?post=18756"}],"curies":[{"name":"wp","href":"https:\/\/api.w.org\/{rel}","templated":true}]}}