{"id":18763,"date":"2020-10-23T21:00:33","date_gmt":"2020-10-23T21:00:33","guid":{"rendered":"https:\/\/blogdorogeriogomes.com.br\/?p=18763"},"modified":"2020-10-23T21:27:03","modified_gmt":"2020-10-23T21:27:03","slug":"com-aumento-de-casos-governo-do-estado-volta-a-proibir-eventos-em-locais-fechados-no-ceara","status":"publish","type":"post","link":"https:\/\/blogdorogeriogomes.com.br\/noticias\/2020\/10\/com-aumento-de-casos-governo-do-estado-volta-a-proibir-eventos-em-locais-fechados-no-ceara\/","title":{"rendered":"Com aumento de casos da Covid-19, Governo do Estado volta a proibir eventos em locais fechados no Cear\u00e1"},"content":{"rendered":"\n<p>O aparecimento de novos casos da Covid-19 fez o governador do Estado, Camilo Santana, anunciar que estar\u00e1 proibida a realiza\u00e7\u00e3o de eventos festivos em ambientes fechados no Cear\u00e1, a partir da pr\u00f3xima segunda-feira, dia 26 de outubro. <\/p>\n\n\n\n<p>\u201cNossos especialistas da sa\u00fade apresentaram argumentos e estudos que apontam serem esses locais fechados os maiores disseminadores do coronav\u00edrus neste momento, com maior potencial de risco de contamina\u00e7\u00e3o, principalmente quando n\u00e3o h\u00e1 o uso da m\u00e1scara. Um dado relevante apresentado na reuni\u00e3o foi de que esse aumento recente de casos registrado em algumas \u00e1reas de Fortaleza tem atingido, com maior intensidade, as pessoas entre 20 e 39 anos de idade. \u00c9 preciso aten\u00e7\u00e3o nesse dado\u201d, disse Camilo Santana.<\/p>\n\n\n\n<p>O governador cearense aproveitou para refor\u00e7ar a import\u00e2ncia da a\u00e7\u00e3o da Justi\u00e7a Eleitoral e Minist\u00e9rio P\u00fablico Eleitoral para conter os abusos praticados nos eventos da campanha pol\u00edtica. \u201cN\u00e3o podemos aceitar que sejam promovidas aglomera\u00e7\u00f5es de forma inconsequente, colocando em risco a vida das pessoas\u201d, ressaltou Camilo Santana.<\/p>\n\n\n\n<figure class=\"wp-block-image size-large\"><img loading=\"lazy\" decoding=\"async\" width=\"1024\" height=\"684\" src=\"https:\/\/blogdorogeriogomes.com.br\/wp-content\/uploads\/2020\/10\/122445759_2857944767771431_244172267172353170_o-1200x801-1-1024x684.jpg\" alt=\"\" class=\"wp-image-18764\" srcset=\"https:\/\/blogdorogeriogomes.com.br\/noticias\/wp-content\/uploads\/2020\/10\/122445759_2857944767771431_244172267172353170_o-1200x801-1-1024x684.jpg 1024w, https:\/\/blogdorogeriogomes.com.br\/noticias\/wp-content\/uploads\/2020\/10\/122445759_2857944767771431_244172267172353170_o-1200x801-1-300x200.jpg 300w, https:\/\/blogdorogeriogomes.com.br\/noticias\/wp-content\/uploads\/2020\/10\/122445759_2857944767771431_244172267172353170_o-1200x801-1-768x513.jpg 768w, https:\/\/blogdorogeriogomes.com.br\/noticias\/wp-content\/uploads\/2020\/10\/122445759_2857944767771431_244172267172353170_o-1200x801-1-800x534.jpg 800w, https:\/\/blogdorogeriogomes.com.br\/noticias\/wp-content\/uploads\/2020\/10\/122445759_2857944767771431_244172267172353170_o-1200x801-1.jpg 1200w\" sizes=\"auto, (max-width: 1024px) 100vw, 1024px\" \/><\/figure>\n","protected":false},"excerpt":{"rendered":"<p>O aparecimento de novos casos da Covid-19 fez o governador do Estado, Camilo Santana, anunciar que estar\u00e1 proibida a realiza\u00e7\u00e3o de eventos festivos em ambientes fechados no Cear\u00e1, a partir da pr\u00f3xima segunda-feira, dia 26 de outubro. \u201cNossos especialistas da sa\u00fade apresentaram argumentos e estudos que apontam serem esses locais fechados os maiores disseminadores do coronav\u00edrus neste momento, com maior potencial de risco de contamina\u00e7\u00e3o, principalmente quando n\u00e3o h\u00e1 o uso da m\u00e1scara. Um dado relevante apresentado na reuni\u00e3o&hellip;<\/p>\n","protected":false},"author":1,"featured_media":18764,"comment_status":"open","ping_status":"open","sticky":false,"template":"","format":"standard","meta":{"footnotes":""},"categories":[1],"tags":[],"class_list":["post-18763","post","type-post","status-publish","format-standard","has-post-thumbnail","hentry","category-noticias"],"_links":{"self":[{"href":"https:\/\/blogdorogeriogomes.com.br\/noticias\/wp-json\/wp\/v2\/posts\/18763","targetHints":{"allow":["GET"]}}],"collection":[{"href":"https:\/\/blogdorogeriogomes.com.br\/noticias\/wp-json\/wp\/v2\/posts"}],"about":[{"href":"https:\/\/blogdorogeriogomes.com.br\/noticias\/wp-json\/wp\/v2\/types\/post"}],"author":[{"embeddable":true,"href":"https:\/\/blogdorogeriogomes.com.br\/noticias\/wp-json\/wp\/v2\/users\/1"}],"replies":[{"embeddable":true,"href":"https:\/\/blogdorogeriogomes.com.br\/noticias\/wp-json\/wp\/v2\/comments?post=18763"}],"version-history":[{"count":2,"href":"https:\/\/blogdorogeriogomes.com.br\/noticias\/wp-json\/wp\/v2\/posts\/18763\/revisions"}],"predecessor-version":[{"id":18766,"href":"https:\/\/blogdorogeriogomes.com.br\/noticias\/wp-json\/wp\/v2\/posts\/18763\/revisions\/18766"}],"wp:featuredmedia":[{"embeddable":true,"href":"https:\/\/blogdorogeriogomes.com.br\/noticias\/wp-json\/wp\/v2\/media\/18764"}],"wp:attachment":[{"href":"https:\/\/blogdorogeriogomes.com.br\/noticias\/wp-json\/wp\/v2\/media?parent=18763"}],"wp:term":[{"taxonomy":"category","embeddable":true,"href":"https:\/\/blogdorogeriogomes.com.br\/noticias\/wp-json\/wp\/v2\/categories?post=18763"},{"taxonomy":"post_tag","embeddable":true,"href":"https:\/\/blogdorogeriogomes.com.br\/noticias\/wp-json\/wp\/v2\/tags?post=18763"}],"curies":[{"name":"wp","href":"https:\/\/api.w.org\/{rel}","templated":true}]}}