{"id":18771,"date":"2020-10-24T11:17:48","date_gmt":"2020-10-24T11:17:48","guid":{"rendered":"https:\/\/blogdorogeriogomes.com.br\/?p=18771"},"modified":"2020-10-26T11:39:01","modified_gmt":"2020-10-26T11:39:01","slug":"stf-vai-decidir-em-plenario-sobre-a-obrigatoriedade-da-vacinacao-contra-a-covid-19-no-pais","status":"publish","type":"post","link":"https:\/\/blogdorogeriogomes.com.br\/noticias\/2020\/10\/stf-vai-decidir-em-plenario-sobre-a-obrigatoriedade-da-vacinacao-contra-a-covid-19-no-pais\/","title":{"rendered":"STF vai decidir em plen\u00e1rio sobre a obrigatoriedade da vacina\u00e7\u00e3o contra a Covid-19 no Pa\u00eds"},"content":{"rendered":"\n<p>Como j\u00e1 era esperado, a nega\u00e7\u00e3o do presidente Jair Bolsonaro em investir nas vacinas contra a Covid-19 que est\u00e3o em teste e sobre a oferta da imuniza\u00e7\u00e3o das doses para toda a popula\u00e7\u00e3o vai parar no Supremo Tribunal Federal. O ministro do STF, Ricardo Lewandowski, j\u00e1 decidiu que vai levar diretamente ao plen\u00e1rio tr\u00eas a\u00e7\u00f5es que discutem a realiza\u00e7\u00e3o compuls\u00f3ria de vacina\u00e7\u00e3o e outras medidas profil\u00e1ticas no combate \u00e0 pandemia de Covid-19.<\/p>\n\n\n\n<p>O STF re\u00fane atualmente quatro a\u00e7\u00f5es que tratam do tema, sendo tr\u00eas favor\u00e1veis \u00e0 vacina\u00e7\u00e3o mais ampla e obrigat\u00f3ria, e uma que pede a proibi\u00e7\u00e3o da vacina\u00e7\u00e3o compuls\u00f3ria. O julgamento no plen\u00e1rio do STF ainda ter\u00e1 a data marcada. Para o presidente da Corte, Luiz Fux, diante a pol\u00eamica em torno da produ\u00e7\u00e3o da vacina Coronavac envolvendo Jair Bolsonaro e o governador de S\u00e3o Paulo, Jo\u00e3o D\u00f3ria, \u00e9 natural que o impasse seja judicializado.<\/p>\n\n\n\n<figure class=\"wp-block-image size-large\"><img loading=\"lazy\" decoding=\"async\" width=\"678\" height=\"452\" src=\"https:\/\/blogdorogeriogomes.com.br\/wp-content\/uploads\/2020\/10\/images-11-1.jpeg\" alt=\"\" class=\"wp-image-18772\" srcset=\"https:\/\/blogdorogeriogomes.com.br\/noticias\/wp-content\/uploads\/2020\/10\/images-11-1.jpeg 678w, https:\/\/blogdorogeriogomes.com.br\/noticias\/wp-content\/uploads\/2020\/10\/images-11-1-300x200.jpeg 300w\" sizes=\"auto, (max-width: 678px) 100vw, 678px\" \/><\/figure>\n","protected":false},"excerpt":{"rendered":"<p>Como j\u00e1 era esperado, a nega\u00e7\u00e3o do presidente Jair Bolsonaro em investir nas vacinas contra a Covid-19 que est\u00e3o em teste e sobre a oferta da imuniza\u00e7\u00e3o das doses para toda a popula\u00e7\u00e3o vai parar no Supremo Tribunal Federal. O ministro do STF, Ricardo Lewandowski, j\u00e1 decidiu que vai levar diretamente ao plen\u00e1rio tr\u00eas a\u00e7\u00f5es que discutem a realiza\u00e7\u00e3o compuls\u00f3ria de vacina\u00e7\u00e3o e outras medidas profil\u00e1ticas no combate \u00e0 pandemia de Covid-19. O STF re\u00fane atualmente quatro a\u00e7\u00f5es que&hellip;<\/p>\n","protected":false},"author":1,"featured_media":18772,"comment_status":"open","ping_status":"open","sticky":false,"template":"","format":"standard","meta":{"footnotes":""},"categories":[1],"tags":[],"class_list":["post-18771","post","type-post","status-publish","format-standard","has-post-thumbnail","hentry","category-noticias"],"_links":{"self":[{"href":"https:\/\/blogdorogeriogomes.com.br\/noticias\/wp-json\/wp\/v2\/posts\/18771","targetHints":{"allow":["GET"]}}],"collection":[{"href":"https:\/\/blogdorogeriogomes.com.br\/noticias\/wp-json\/wp\/v2\/posts"}],"about":[{"href":"https:\/\/blogdorogeriogomes.com.br\/noticias\/wp-json\/wp\/v2\/types\/post"}],"author":[{"embeddable":true,"href":"https:\/\/blogdorogeriogomes.com.br\/noticias\/wp-json\/wp\/v2\/users\/1"}],"replies":[{"embeddable":true,"href":"https:\/\/blogdorogeriogomes.com.br\/noticias\/wp-json\/wp\/v2\/comments?post=18771"}],"version-history":[{"count":1,"href":"https:\/\/blogdorogeriogomes.com.br\/noticias\/wp-json\/wp\/v2\/posts\/18771\/revisions"}],"predecessor-version":[{"id":18773,"href":"https:\/\/blogdorogeriogomes.com.br\/noticias\/wp-json\/wp\/v2\/posts\/18771\/revisions\/18773"}],"wp:featuredmedia":[{"embeddable":true,"href":"https:\/\/blogdorogeriogomes.com.br\/noticias\/wp-json\/wp\/v2\/media\/18772"}],"wp:attachment":[{"href":"https:\/\/blogdorogeriogomes.com.br\/noticias\/wp-json\/wp\/v2\/media?parent=18771"}],"wp:term":[{"taxonomy":"category","embeddable":true,"href":"https:\/\/blogdorogeriogomes.com.br\/noticias\/wp-json\/wp\/v2\/categories?post=18771"},{"taxonomy":"post_tag","embeddable":true,"href":"https:\/\/blogdorogeriogomes.com.br\/noticias\/wp-json\/wp\/v2\/tags?post=18771"}],"curies":[{"name":"wp","href":"https:\/\/api.w.org\/{rel}","templated":true}]}}