{"id":18774,"date":"2020-10-24T18:11:31","date_gmt":"2020-10-24T18:11:31","guid":{"rendered":"https:\/\/blogdorogeriogomes.com.br\/?p=18774"},"modified":"2020-10-26T11:39:10","modified_gmt":"2020-10-26T11:39:10","slug":"assembleia-legislativa-aprova-a-inclusao-da-disciplina-de-como-empreender-no-ensino-medio-do-ceara","status":"publish","type":"post","link":"https:\/\/blogdorogeriogomes.com.br\/noticias\/2020\/10\/assembleia-legislativa-aprova-a-inclusao-da-disciplina-de-como-empreender-no-ensino-medio-do-ceara\/","title":{"rendered":"Assembleia Legislativa aprova a inclus\u00e3o da disciplina de como empreender no Ensino M\u00e9dio do Cear\u00e1"},"content":{"rendered":"\n<p>De autoria do deputado Tadeu Oliveira (PSB), o Projeto de Lei que institui a disciplina de empreendedorismo como atividade complementar no ensino m\u00e9dio nas escolas p\u00fablicas do Estado do Cear\u00e1 foi aprovada esta semana pela Assembleia Legislativa do Cear\u00e1.<\/p>\n\n\n\n<p>Esse projeto \u00e9 visto como uma forma de colocar a semente do empreendedorismo na mente e no cora\u00e7\u00e3o dos jovens estudantes da escola p\u00fablica, criando a cultura do empreendedorismo na juventude do nosso Estado.<\/p>\n\n\n\n<p>A mat\u00e9ria escolar funcionar\u00e1 dentro do Programa Estadual Educa\u00e7\u00e3o Empreendedora e Inovadora. Prevista para acontecer em turno complementar \u2013 para n\u00e3o alterar as aulas regulares -, a disciplina poder\u00e1 ser ensinada atrav\u00e9s de aulas, palestras, din\u00e2micas e excurs\u00f5es, entre outras possibilidades.<\/p>\n\n\n\n<p>Pelo projeto aprovado, o Estado poder\u00e1 realizar parcerias com institui\u00e7\u00f5es ligadas ao empreendedorismo, empresariado, com\u00e9rcio, ind\u00fastria e forma\u00e7\u00e3o de jovens, de maneira a fortalecer o programa.<\/p>\n\n\n\n<p>As atividades realizadas no programa poder\u00e3o ser anexadas ao curr\u00edculo escolar do jovem, contando, inclusive, para horas de atividades complementares necess\u00e1rias para forma\u00e7\u00e3o.<\/p>\n\n\n\n<figure class=\"wp-block-image size-large\"><img loading=\"lazy\" decoding=\"async\" width=\"1024\" height=\"682\" src=\"https:\/\/blogdorogeriogomes.com.br\/wp-content\/uploads\/2020\/10\/IMG-20201023-WA0057-1024x682.jpg\" alt=\"\" class=\"wp-image-18775\" srcset=\"https:\/\/blogdorogeriogomes.com.br\/noticias\/wp-content\/uploads\/2020\/10\/IMG-20201023-WA0057-1024x682.jpg 1024w, https:\/\/blogdorogeriogomes.com.br\/noticias\/wp-content\/uploads\/2020\/10\/IMG-20201023-WA0057-300x200.jpg 300w, https:\/\/blogdorogeriogomes.com.br\/noticias\/wp-content\/uploads\/2020\/10\/IMG-20201023-WA0057-768x512.jpg 768w, https:\/\/blogdorogeriogomes.com.br\/noticias\/wp-content\/uploads\/2020\/10\/IMG-20201023-WA0057-800x533.jpg 800w, https:\/\/blogdorogeriogomes.com.br\/noticias\/wp-content\/uploads\/2020\/10\/IMG-20201023-WA0057.jpg 1280w\" sizes=\"auto, (max-width: 1024px) 100vw, 1024px\" \/><\/figure>\n","protected":false},"excerpt":{"rendered":"<p>De autoria do deputado Tadeu Oliveira (PSB), o Projeto de Lei que institui a disciplina de empreendedorismo como atividade complementar no ensino m\u00e9dio nas escolas p\u00fablicas do Estado do Cear\u00e1 foi aprovada esta semana pela Assembleia Legislativa do Cear\u00e1. Esse projeto \u00e9 visto como uma forma de colocar a semente do empreendedorismo na mente e no cora\u00e7\u00e3o dos jovens estudantes da escola p\u00fablica, criando a cultura do empreendedorismo na juventude do nosso Estado. A mat\u00e9ria escolar funcionar\u00e1 dentro do&hellip;<\/p>\n","protected":false},"author":1,"featured_media":18775,"comment_status":"open","ping_status":"open","sticky":false,"template":"","format":"standard","meta":{"footnotes":""},"categories":[1],"tags":[],"class_list":["post-18774","post","type-post","status-publish","format-standard","has-post-thumbnail","hentry","category-noticias"],"_links":{"self":[{"href":"https:\/\/blogdorogeriogomes.com.br\/noticias\/wp-json\/wp\/v2\/posts\/18774","targetHints":{"allow":["GET"]}}],"collection":[{"href":"https:\/\/blogdorogeriogomes.com.br\/noticias\/wp-json\/wp\/v2\/posts"}],"about":[{"href":"https:\/\/blogdorogeriogomes.com.br\/noticias\/wp-json\/wp\/v2\/types\/post"}],"author":[{"embeddable":true,"href":"https:\/\/blogdorogeriogomes.com.br\/noticias\/wp-json\/wp\/v2\/users\/1"}],"replies":[{"embeddable":true,"href":"https:\/\/blogdorogeriogomes.com.br\/noticias\/wp-json\/wp\/v2\/comments?post=18774"}],"version-history":[{"count":1,"href":"https:\/\/blogdorogeriogomes.com.br\/noticias\/wp-json\/wp\/v2\/posts\/18774\/revisions"}],"predecessor-version":[{"id":18776,"href":"https:\/\/blogdorogeriogomes.com.br\/noticias\/wp-json\/wp\/v2\/posts\/18774\/revisions\/18776"}],"wp:featuredmedia":[{"embeddable":true,"href":"https:\/\/blogdorogeriogomes.com.br\/noticias\/wp-json\/wp\/v2\/media\/18775"}],"wp:attachment":[{"href":"https:\/\/blogdorogeriogomes.com.br\/noticias\/wp-json\/wp\/v2\/media?parent=18774"}],"wp:term":[{"taxonomy":"category","embeddable":true,"href":"https:\/\/blogdorogeriogomes.com.br\/noticias\/wp-json\/wp\/v2\/categories?post=18774"},{"taxonomy":"post_tag","embeddable":true,"href":"https:\/\/blogdorogeriogomes.com.br\/noticias\/wp-json\/wp\/v2\/tags?post=18774"}],"curies":[{"name":"wp","href":"https:\/\/api.w.org\/{rel}","templated":true}]}}