{"id":18780,"date":"2020-10-26T09:15:33","date_gmt":"2020-10-26T09:15:33","guid":{"rendered":"https:\/\/blogdorogeriogomes.com.br\/?p=18780"},"modified":"2020-10-26T11:39:24","modified_gmt":"2020-10-26T11:39:24","slug":"jose-sarto-volta-as-ruas-e-recebe-apoio-de-cid-gomes-em-carreata-neste-domingo","status":"publish","type":"post","link":"https:\/\/blogdorogeriogomes.com.br\/noticias\/2020\/10\/jose-sarto-volta-as-ruas-e-recebe-apoio-de-cid-gomes-em-carreata-neste-domingo\/","title":{"rendered":"Jos\u00e9 Sarto volta \u00e0s ruas e recebe apoio de Cid Gomes em carreata neste domingo"},"content":{"rendered":"\n<p>Uma carreata marcou a programa\u00e7\u00e3o do candidato do PDT \u00e0 Prefeitura de Fortaleza, Jos\u00e9 Sarto, neste domingo, dia 25 de outubro. A atividade pol\u00edtica teve a participa\u00e7\u00e3o do prefeito Roberto Cl\u00e1udio e tamb\u00e9m do senador Cid Gomes, ambos do PDT. Esta foi a primeira carreata que Jos\u00e9 Sarto participou ap\u00f3s se recuperar da Covid-19.<\/p>\n\n\n\n<p>Ainda neste domingo, a Justi\u00e7a Eleitoral determinou, em liminar, a suspens\u00e3o de propaganda eleitoral da coliga\u00e7\u00e3o de Sarto, em que seu advers\u00e1rio na disputa, Capit\u00e3o Wagner (Pros), \u00e9 acusado de participar do motim da Pol\u00edcia Militar ocorrido no in\u00edcio deste ano no Cear\u00e1. A decis\u00e3o ocorreu ap\u00f3s pedido da coliga\u00e7\u00e3o de Wagner, que alegou que a propaganda \u00e9 \u201cofensiva \u00e0 honra do seu candidato\u201d.<\/p>\n\n\n\n<figure class=\"wp-block-image size-large\"><img loading=\"lazy\" decoding=\"async\" width=\"1024\" height=\"682\" src=\"https:\/\/blogdorogeriogomes.com.br\/wp-content\/uploads\/2020\/10\/IMG-20201025-WA0039-1024x682.jpg\" alt=\"\" class=\"wp-image-18781\" srcset=\"https:\/\/blogdorogeriogomes.com.br\/noticias\/wp-content\/uploads\/2020\/10\/IMG-20201025-WA0039-1024x682.jpg 1024w, https:\/\/blogdorogeriogomes.com.br\/noticias\/wp-content\/uploads\/2020\/10\/IMG-20201025-WA0039-300x200.jpg 300w, https:\/\/blogdorogeriogomes.com.br\/noticias\/wp-content\/uploads\/2020\/10\/IMG-20201025-WA0039-768x512.jpg 768w, https:\/\/blogdorogeriogomes.com.br\/noticias\/wp-content\/uploads\/2020\/10\/IMG-20201025-WA0039-800x533.jpg 800w, https:\/\/blogdorogeriogomes.com.br\/noticias\/wp-content\/uploads\/2020\/10\/IMG-20201025-WA0039.jpg 1280w\" sizes=\"auto, (max-width: 1024px) 100vw, 1024px\" \/><\/figure>\n","protected":false},"excerpt":{"rendered":"<p>Uma carreata marcou a programa\u00e7\u00e3o do candidato do PDT \u00e0 Prefeitura de Fortaleza, Jos\u00e9 Sarto, neste domingo, dia 25 de outubro. A atividade pol\u00edtica teve a participa\u00e7\u00e3o do prefeito Roberto Cl\u00e1udio e tamb\u00e9m do senador Cid Gomes, ambos do PDT. Esta foi a primeira carreata que Jos\u00e9 Sarto participou ap\u00f3s se recuperar da Covid-19. Ainda neste domingo, a Justi\u00e7a Eleitoral determinou, em liminar, a suspens\u00e3o de propaganda eleitoral da coliga\u00e7\u00e3o de Sarto, em que seu advers\u00e1rio na disputa, Capit\u00e3o&hellip;<\/p>\n","protected":false},"author":1,"featured_media":18781,"comment_status":"open","ping_status":"open","sticky":false,"template":"","format":"standard","meta":{"footnotes":""},"categories":[1],"tags":[],"class_list":["post-18780","post","type-post","status-publish","format-standard","has-post-thumbnail","hentry","category-noticias"],"_links":{"self":[{"href":"https:\/\/blogdorogeriogomes.com.br\/noticias\/wp-json\/wp\/v2\/posts\/18780","targetHints":{"allow":["GET"]}}],"collection":[{"href":"https:\/\/blogdorogeriogomes.com.br\/noticias\/wp-json\/wp\/v2\/posts"}],"about":[{"href":"https:\/\/blogdorogeriogomes.com.br\/noticias\/wp-json\/wp\/v2\/types\/post"}],"author":[{"embeddable":true,"href":"https:\/\/blogdorogeriogomes.com.br\/noticias\/wp-json\/wp\/v2\/users\/1"}],"replies":[{"embeddable":true,"href":"https:\/\/blogdorogeriogomes.com.br\/noticias\/wp-json\/wp\/v2\/comments?post=18780"}],"version-history":[{"count":1,"href":"https:\/\/blogdorogeriogomes.com.br\/noticias\/wp-json\/wp\/v2\/posts\/18780\/revisions"}],"predecessor-version":[{"id":18782,"href":"https:\/\/blogdorogeriogomes.com.br\/noticias\/wp-json\/wp\/v2\/posts\/18780\/revisions\/18782"}],"wp:featuredmedia":[{"embeddable":true,"href":"https:\/\/blogdorogeriogomes.com.br\/noticias\/wp-json\/wp\/v2\/media\/18781"}],"wp:attachment":[{"href":"https:\/\/blogdorogeriogomes.com.br\/noticias\/wp-json\/wp\/v2\/media?parent=18780"}],"wp:term":[{"taxonomy":"category","embeddable":true,"href":"https:\/\/blogdorogeriogomes.com.br\/noticias\/wp-json\/wp\/v2\/categories?post=18780"},{"taxonomy":"post_tag","embeddable":true,"href":"https:\/\/blogdorogeriogomes.com.br\/noticias\/wp-json\/wp\/v2\/tags?post=18780"}],"curies":[{"name":"wp","href":"https:\/\/api.w.org\/{rel}","templated":true}]}}