{"id":18788,"date":"2020-10-26T17:41:05","date_gmt":"2020-10-26T17:41:05","guid":{"rendered":"https:\/\/blogdorogeriogomes.com.br\/?p=18788"},"modified":"2020-10-27T09:18:54","modified_gmt":"2020-10-27T09:18:54","slug":"em-inauguracao-de-policlinica-em-fortaleza-camilo-santana-diz-que-capitao-wagner-representa-o-pior-da-politica","status":"publish","type":"post","link":"https:\/\/blogdorogeriogomes.com.br\/noticias\/2020\/10\/em-inauguracao-de-policlinica-em-fortaleza-camilo-santana-diz-que-capitao-wagner-representa-o-pior-da-politica\/","title":{"rendered":"Em inaugura\u00e7\u00e3o de Policl\u00ednica em Fortaleza, Camilo Santana diz que Capit\u00e3o Wagner representa &#8220;o pior da pol\u00edtica&#8221;"},"content":{"rendered":"\n<p>O governador Camilo Santana (PT) e o prefeito de Fortaleza, Roberto Cl\u00e1udio (PDT), entregaram nesta segunda-feira, dia 26 de outubro, uma nova policl\u00ednica da Capital, localizada no bairro Bonsucesso. A Policl\u00ednica Dr. Jos\u00e9 Eloy da Costa Filho disp\u00f5e de 15 especialidades m\u00e9dicas e de 13 equipamentos para exames de apoio e diagn\u00f3stico no atendimento adulto e pedi\u00e1trico.<\/p>\n\n\n\n<p>Com \u00e1rea total de 8.500 m\u00b2, o equipamento vinculado \u00e0 Secretaria da Sa\u00fade do Cear\u00e1 contou com o investimento de cerca de R$ 28 milh\u00f5es. As policl\u00ednicas recebem pacientes por meio de agendamento realizado em postos de sa\u00fade, como porta de entrada do Sistema \u00danico de Sa\u00fade (SUS).<\/p>\n\n\n\n<p>Durante o evento de inaugura\u00e7\u00e3o, Camilo aproveitou para refor\u00e7ar a sua oposi\u00e7\u00e3o \u00e0 candidatura de Capit\u00e3o Wagner (Pros) para prefeito de Fortaleza. Al\u00e9m de reafirmar que Wagner teria sido um dos grandes respons\u00e1veis pelos motins da Pol\u00edcia Militar no Estado, o governador disse ainda que o candidato &#8220;representa o pior na pol\u00edtica, representa o \u00f3dio, a mentira&#8221;.<\/p>\n\n\n\n<p>Na semana passada, Wagner j\u00e1 havia reagido \u00e0s cr\u00edticas de Camilo, afirmando que o chefe executivo estava agindo fora do seu &#8220;normal&#8221; nas redes sociais.<\/p>\n\n\n\n<figure class=\"wp-block-image size-large\"><img loading=\"lazy\" decoding=\"async\" width=\"719\" height=\"427\" src=\"https:\/\/blogdorogeriogomes.com.br\/wp-content\/uploads\/2020\/10\/images-13-1.jpeg\" alt=\"\" class=\"wp-image-18789\" srcset=\"https:\/\/blogdorogeriogomes.com.br\/noticias\/wp-content\/uploads\/2020\/10\/images-13-1.jpeg 719w, https:\/\/blogdorogeriogomes.com.br\/noticias\/wp-content\/uploads\/2020\/10\/images-13-1-300x178.jpeg 300w\" sizes=\"auto, (max-width: 719px) 100vw, 719px\" \/><\/figure>\n","protected":false},"excerpt":{"rendered":"<p>O governador Camilo Santana (PT) e o prefeito de Fortaleza, Roberto Cl\u00e1udio (PDT), entregaram nesta segunda-feira, dia 26 de outubro, uma nova policl\u00ednica da Capital, localizada no bairro Bonsucesso. A Policl\u00ednica Dr. Jos\u00e9 Eloy da Costa Filho disp\u00f5e de 15 especialidades m\u00e9dicas e de 13 equipamentos para exames de apoio e diagn\u00f3stico no atendimento adulto e pedi\u00e1trico. Com \u00e1rea total de 8.500 m\u00b2, o equipamento vinculado \u00e0 Secretaria da Sa\u00fade do Cear\u00e1 contou com o investimento de cerca de&hellip;<\/p>\n","protected":false},"author":1,"featured_media":18789,"comment_status":"open","ping_status":"open","sticky":false,"template":"","format":"standard","meta":{"footnotes":""},"categories":[1],"tags":[],"class_list":["post-18788","post","type-post","status-publish","format-standard","has-post-thumbnail","hentry","category-noticias"],"_links":{"self":[{"href":"https:\/\/blogdorogeriogomes.com.br\/noticias\/wp-json\/wp\/v2\/posts\/18788","targetHints":{"allow":["GET"]}}],"collection":[{"href":"https:\/\/blogdorogeriogomes.com.br\/noticias\/wp-json\/wp\/v2\/posts"}],"about":[{"href":"https:\/\/blogdorogeriogomes.com.br\/noticias\/wp-json\/wp\/v2\/types\/post"}],"author":[{"embeddable":true,"href":"https:\/\/blogdorogeriogomes.com.br\/noticias\/wp-json\/wp\/v2\/users\/1"}],"replies":[{"embeddable":true,"href":"https:\/\/blogdorogeriogomes.com.br\/noticias\/wp-json\/wp\/v2\/comments?post=18788"}],"version-history":[{"count":1,"href":"https:\/\/blogdorogeriogomes.com.br\/noticias\/wp-json\/wp\/v2\/posts\/18788\/revisions"}],"predecessor-version":[{"id":18790,"href":"https:\/\/blogdorogeriogomes.com.br\/noticias\/wp-json\/wp\/v2\/posts\/18788\/revisions\/18790"}],"wp:featuredmedia":[{"embeddable":true,"href":"https:\/\/blogdorogeriogomes.com.br\/noticias\/wp-json\/wp\/v2\/media\/18789"}],"wp:attachment":[{"href":"https:\/\/blogdorogeriogomes.com.br\/noticias\/wp-json\/wp\/v2\/media?parent=18788"}],"wp:term":[{"taxonomy":"category","embeddable":true,"href":"https:\/\/blogdorogeriogomes.com.br\/noticias\/wp-json\/wp\/v2\/categories?post=18788"},{"taxonomy":"post_tag","embeddable":true,"href":"https:\/\/blogdorogeriogomes.com.br\/noticias\/wp-json\/wp\/v2\/tags?post=18788"}],"curies":[{"name":"wp","href":"https:\/\/api.w.org\/{rel}","templated":true}]}}