{"id":18791,"date":"2020-10-26T17:49:09","date_gmt":"2020-10-26T17:49:09","guid":{"rendered":"https:\/\/blogdorogeriogomes.com.br\/?p=18791"},"modified":"2020-10-27T09:18:45","modified_gmt":"2020-10-27T09:18:45","slug":"prazo-para-substituicao-de-candidatos-nas-eleicoes-municipais-termina-nesta-segunda-feira","status":"publish","type":"post","link":"https:\/\/blogdorogeriogomes.com.br\/noticias\/2020\/10\/prazo-para-substituicao-de-candidatos-nas-eleicoes-municipais-termina-nesta-segunda-feira\/","title":{"rendered":"Prazo para substitui\u00e7\u00e3o de candidatos nas elei\u00e7\u00f5es municipais termina nesta segunda-feira"},"content":{"rendered":"\n<p>Os partidos, as coliga\u00e7\u00f5es e os candidatos n\u00e3o podem mais efetuar substitui\u00e7\u00e3o de nomes nas chapas inscritas para o pleito eleitoral de 2020, ap\u00f3s o prazo vencido nesta segunda-feira, dia 26 de outubro.<\/p>\n\n\n\n<p>Segundo o TSE, a Lei das Elei\u00e7\u00f5es (Lei n\u00ba 9.504\/1997) permite que o candidato seja substitu\u00eddo se for considerado ineleg\u00edvel, renunciar ou falecer ap\u00f3s o termo final do prazo do registro, ou no caso de ter seu registro indeferido ou cancelado.<\/p>\n\n\n\n<p>A substitui\u00e7\u00e3o pode ser requerida em at\u00e9 20 dias antes do primeiro turno do pleito, no dia 15 de novembro, e deve ser feita em at\u00e9 dez dias ap\u00f3s o fato que consta na justificativa.<\/p>\n\n\n\n<p>Em caso de falecimento, h\u00e1 exce\u00e7\u00e3o. O processo de substitui\u00e7\u00e3o poder\u00e1 ser realizado ap\u00f3s a data, observado, em qualquer situa\u00e7\u00e3o, o prazo de at\u00e9 dez dias contados do fato, inclusive anula\u00e7\u00e3o de conven\u00e7\u00e3o, ou da decis\u00e3o judicial que deu origem \u00e0 substitui\u00e7\u00e3o.<\/p>\n\n\n\n<figure class=\"wp-block-image size-large\"><img loading=\"lazy\" decoding=\"async\" width=\"1024\" height=\"613\" src=\"https:\/\/blogdorogeriogomes.com.br\/wp-content\/uploads\/2020\/10\/TSE-1024x613.jpg\" alt=\"\" class=\"wp-image-18792\" srcset=\"https:\/\/blogdorogeriogomes.com.br\/noticias\/wp-content\/uploads\/2020\/10\/TSE-1024x613.jpg 1024w, https:\/\/blogdorogeriogomes.com.br\/noticias\/wp-content\/uploads\/2020\/10\/TSE-300x179.jpg 300w, https:\/\/blogdorogeriogomes.com.br\/noticias\/wp-content\/uploads\/2020\/10\/TSE-768x459.jpg 768w, https:\/\/blogdorogeriogomes.com.br\/noticias\/wp-content\/uploads\/2020\/10\/TSE-800x479.jpg 800w, https:\/\/blogdorogeriogomes.com.br\/noticias\/wp-content\/uploads\/2020\/10\/TSE.jpg 1170w\" sizes=\"auto, (max-width: 1024px) 100vw, 1024px\" \/><\/figure>\n","protected":false},"excerpt":{"rendered":"<p>Os partidos, as coliga\u00e7\u00f5es e os candidatos n\u00e3o podem mais efetuar substitui\u00e7\u00e3o de nomes nas chapas inscritas para o pleito eleitoral de 2020, ap\u00f3s o prazo vencido nesta segunda-feira, dia 26 de outubro. Segundo o TSE, a Lei das Elei\u00e7\u00f5es (Lei n\u00ba 9.504\/1997) permite que o candidato seja substitu\u00eddo se for considerado ineleg\u00edvel, renunciar ou falecer ap\u00f3s o termo final do prazo do registro, ou no caso de ter seu registro indeferido ou cancelado. A substitui\u00e7\u00e3o pode ser requerida&hellip;<\/p>\n","protected":false},"author":1,"featured_media":18792,"comment_status":"open","ping_status":"open","sticky":false,"template":"","format":"standard","meta":{"footnotes":""},"categories":[1],"tags":[],"class_list":["post-18791","post","type-post","status-publish","format-standard","has-post-thumbnail","hentry","category-noticias"],"_links":{"self":[{"href":"https:\/\/blogdorogeriogomes.com.br\/noticias\/wp-json\/wp\/v2\/posts\/18791","targetHints":{"allow":["GET"]}}],"collection":[{"href":"https:\/\/blogdorogeriogomes.com.br\/noticias\/wp-json\/wp\/v2\/posts"}],"about":[{"href":"https:\/\/blogdorogeriogomes.com.br\/noticias\/wp-json\/wp\/v2\/types\/post"}],"author":[{"embeddable":true,"href":"https:\/\/blogdorogeriogomes.com.br\/noticias\/wp-json\/wp\/v2\/users\/1"}],"replies":[{"embeddable":true,"href":"https:\/\/blogdorogeriogomes.com.br\/noticias\/wp-json\/wp\/v2\/comments?post=18791"}],"version-history":[{"count":1,"href":"https:\/\/blogdorogeriogomes.com.br\/noticias\/wp-json\/wp\/v2\/posts\/18791\/revisions"}],"predecessor-version":[{"id":18793,"href":"https:\/\/blogdorogeriogomes.com.br\/noticias\/wp-json\/wp\/v2\/posts\/18791\/revisions\/18793"}],"wp:featuredmedia":[{"embeddable":true,"href":"https:\/\/blogdorogeriogomes.com.br\/noticias\/wp-json\/wp\/v2\/media\/18792"}],"wp:attachment":[{"href":"https:\/\/blogdorogeriogomes.com.br\/noticias\/wp-json\/wp\/v2\/media?parent=18791"}],"wp:term":[{"taxonomy":"category","embeddable":true,"href":"https:\/\/blogdorogeriogomes.com.br\/noticias\/wp-json\/wp\/v2\/categories?post=18791"},{"taxonomy":"post_tag","embeddable":true,"href":"https:\/\/blogdorogeriogomes.com.br\/noticias\/wp-json\/wp\/v2\/tags?post=18791"}],"curies":[{"name":"wp","href":"https:\/\/api.w.org\/{rel}","templated":true}]}}