{"id":18795,"date":"2020-10-27T09:27:51","date_gmt":"2020-10-27T09:27:51","guid":{"rendered":"https:\/\/blogdorogeriogomes.com.br\/?p=18795"},"modified":"2020-10-27T09:42:30","modified_gmt":"2020-10-27T09:42:30","slug":"governadores-de-todo-o-pais-tentam-nova-reuniao-com-o-ministro-da-saude-para-discutir-acesso-a-vacina-contra-a-covid-19","status":"publish","type":"post","link":"https:\/\/blogdorogeriogomes.com.br\/noticias\/2020\/10\/governadores-de-todo-o-pais-tentam-nova-reuniao-com-o-ministro-da-saude-para-discutir-acesso-a-vacina-contra-a-covid-19\/","title":{"rendered":"Governadores de todo o Pa\u00eds tentam nova reuni\u00e3o com o ministro da Sa\u00fade para discutir acesso \u00e0 vacina contra a Covid-19"},"content":{"rendered":"\n<p>Diante da poss\u00edvel judicializa\u00e7\u00e3o em torno da obrigatoriedade do uso da vacina contra a Covid-19, que for devidamente aprovada pela Anvisa, governadores de todo o Pa\u00eds pedem nova reuni\u00e3o com o ministro da Sa\u00fade, o general Eduardo Pazuello. Eles querem saber se \u00e9 a palavra dele ou a de Bolsonaro que est\u00e1 valendo, ap\u00f3s a crise que estourou na semana passada. Pazuello fechou um acordo com os governadores na \u00faltima reuni\u00e3o ao garantir que o Governo Federal iria investir na compra da vacina Coronavac, que est\u00e1 sendo testada e produzida pelo Instituto Butantan, em S\u00e3o Paulo. Depois, ele foi desautorizado publicamente pelo presidente Jair Bolsonaro, que transformou uma quest\u00e3o de sa\u00fade p\u00fablica em briga pol\u00edtica com o governador de S\u00e3o Paulo, Jo\u00e3o D\u00f3ria.<\/p>\n\n\n\n<p>Nesta segunda-feira, dia 26 de outubro, o Governo Federal, reconheceu, pela segunda vez, estado de calamidade p\u00fablica no Cear\u00e1 em virtude da pandemia da Covid-19. O&nbsp;Estado&nbsp;atingiu 270.577 casos confirmados e 9.279 mortes pela doen\u00e7a, de acordo com os dados da plataforma IntegraSUS.<\/p>\n\n\n\n<figure class=\"wp-block-image size-large\"><img loading=\"lazy\" decoding=\"async\" width=\"1024\" height=\"682\" src=\"https:\/\/blogdorogeriogomes.com.br\/wp-content\/uploads\/2020\/10\/Doria-e-Pazuello.jpg\" alt=\"\" class=\"wp-image-18796\" srcset=\"https:\/\/blogdorogeriogomes.com.br\/noticias\/wp-content\/uploads\/2020\/10\/Doria-e-Pazuello.jpg 1024w, https:\/\/blogdorogeriogomes.com.br\/noticias\/wp-content\/uploads\/2020\/10\/Doria-e-Pazuello-300x200.jpg 300w, https:\/\/blogdorogeriogomes.com.br\/noticias\/wp-content\/uploads\/2020\/10\/Doria-e-Pazuello-768x512.jpg 768w, https:\/\/blogdorogeriogomes.com.br\/noticias\/wp-content\/uploads\/2020\/10\/Doria-e-Pazuello-800x533.jpg 800w\" sizes=\"auto, (max-width: 1024px) 100vw, 1024px\" \/><\/figure>\n","protected":false},"excerpt":{"rendered":"<p>Diante da poss\u00edvel judicializa\u00e7\u00e3o em torno da obrigatoriedade do uso da vacina contra a Covid-19, que for devidamente aprovada pela Anvisa, governadores de todo o Pa\u00eds pedem nova reuni\u00e3o com o ministro da Sa\u00fade, o general Eduardo Pazuello. Eles querem saber se \u00e9 a palavra dele ou a de Bolsonaro que est\u00e1 valendo, ap\u00f3s a crise que estourou na semana passada. Pazuello fechou um acordo com os governadores na \u00faltima reuni\u00e3o ao garantir que o Governo Federal iria investir&hellip;<\/p>\n","protected":false},"author":1,"featured_media":18796,"comment_status":"open","ping_status":"open","sticky":false,"template":"","format":"standard","meta":{"footnotes":""},"categories":[1],"tags":[],"class_list":["post-18795","post","type-post","status-publish","format-standard","has-post-thumbnail","hentry","category-noticias"],"_links":{"self":[{"href":"https:\/\/blogdorogeriogomes.com.br\/noticias\/wp-json\/wp\/v2\/posts\/18795","targetHints":{"allow":["GET"]}}],"collection":[{"href":"https:\/\/blogdorogeriogomes.com.br\/noticias\/wp-json\/wp\/v2\/posts"}],"about":[{"href":"https:\/\/blogdorogeriogomes.com.br\/noticias\/wp-json\/wp\/v2\/types\/post"}],"author":[{"embeddable":true,"href":"https:\/\/blogdorogeriogomes.com.br\/noticias\/wp-json\/wp\/v2\/users\/1"}],"replies":[{"embeddable":true,"href":"https:\/\/blogdorogeriogomes.com.br\/noticias\/wp-json\/wp\/v2\/comments?post=18795"}],"version-history":[{"count":2,"href":"https:\/\/blogdorogeriogomes.com.br\/noticias\/wp-json\/wp\/v2\/posts\/18795\/revisions"}],"predecessor-version":[{"id":18799,"href":"https:\/\/blogdorogeriogomes.com.br\/noticias\/wp-json\/wp\/v2\/posts\/18795\/revisions\/18799"}],"wp:featuredmedia":[{"embeddable":true,"href":"https:\/\/blogdorogeriogomes.com.br\/noticias\/wp-json\/wp\/v2\/media\/18796"}],"wp:attachment":[{"href":"https:\/\/blogdorogeriogomes.com.br\/noticias\/wp-json\/wp\/v2\/media?parent=18795"}],"wp:term":[{"taxonomy":"category","embeddable":true,"href":"https:\/\/blogdorogeriogomes.com.br\/noticias\/wp-json\/wp\/v2\/categories?post=18795"},{"taxonomy":"post_tag","embeddable":true,"href":"https:\/\/blogdorogeriogomes.com.br\/noticias\/wp-json\/wp\/v2\/tags?post=18795"}],"curies":[{"name":"wp","href":"https:\/\/api.w.org\/{rel}","templated":true}]}}