{"id":18798,"date":"2020-10-27T09:53:50","date_gmt":"2020-10-27T09:53:50","guid":{"rendered":"https:\/\/blogdorogeriogomes.com.br\/?p=18798"},"modified":"2020-10-27T11:17:30","modified_gmt":"2020-10-27T11:17:30","slug":"cabos-eleitorais-de-sarto-e-wagner-fazem-disputa-a-parte-na-campanha-eleitoral","status":"publish","type":"post","link":"https:\/\/blogdorogeriogomes.com.br\/noticias\/2020\/10\/cabos-eleitorais-de-sarto-e-wagner-fazem-disputa-a-parte-na-campanha-eleitoral\/","title":{"rendered":"Cabos eleitorais de Sarto e Wagner fazem disputa \u00e0 parte na campanha eleitoral"},"content":{"rendered":"\n<p>Al\u00e9m das propostas dos candidatos \u00e0 Prefeitura de Fortaleza, o eleitor tem acompanhado confrontos paralelos de &#8220;cabos eleitorais&#8221; importantes e que influenciam a disputa de votos. O governador Camilo Santana, que \u00e9 do PT, mas tem alian\u00e7a pol\u00edtica com a atual gest\u00e3o da Capital, que tem \u00e0 frente o prefeito Roberto Cl\u00e1udio (PDT), tem centrado fogo contra o candidato do Pros, Capit\u00e3o Wagner, que representa o bolsonarismo na corrida eleitoral em Fortaleza. O governador critica a postura de Wagner nas \u00faltimas paralisa\u00e7\u00f5es envolvendo as for\u00e7as de seguran\u00e7a no Estado. O senador Cid Gomes (PDT) e o irm\u00e3o Ciro Gomes tamb\u00e9m s\u00e3o cr\u00edticos ferrenhos de Wagner a respeito do mesmo assunto. As candidaturas de Jos\u00e9 Sarto (PDT) e Capit\u00e3o Wagner (Pros) est\u00e3o no centro dos embates.<\/p>\n\n\n\n<p>Por outro lado, o senador Lu\u00eds Eduardo Gir\u00e3o (Podemos), que coordena a campanha de Capit\u00e3o Wagner, saiu em defesa do candidato do Pros no debate com o governador Camilo Santana e com o senador Cid Gomes. \u201cUm senador que joga trator sobre pessoas. Com que direito criticam Wagner?\u201d, questionou Lu\u00eds Eduardo Gir\u00e3o, em entrevista ao Di\u00e1rio do Nordeste. Ele fazia refer\u00eancia ao epis\u00f3dio envolvendo Cid Gomes e os policiais amotinados em Sobral.<\/p>\n\n\n\n<figure class=\"wp-block-image size-large\"><img loading=\"lazy\" decoding=\"async\" width=\"749\" height=\"715\" src=\"https:\/\/blogdorogeriogomes.com.br\/wp-content\/uploads\/2020\/10\/IMG-20201012-WA0021.jpg\" alt=\"\" class=\"wp-image-18800\" srcset=\"https:\/\/blogdorogeriogomes.com.br\/noticias\/wp-content\/uploads\/2020\/10\/IMG-20201012-WA0021.jpg 749w, https:\/\/blogdorogeriogomes.com.br\/noticias\/wp-content\/uploads\/2020\/10\/IMG-20201012-WA0021-300x286.jpg 300w\" sizes=\"auto, (max-width: 749px) 100vw, 749px\" \/><\/figure>\n\n\n\n<p><\/p>\n","protected":false},"excerpt":{"rendered":"<p>Al\u00e9m das propostas dos candidatos \u00e0 Prefeitura de Fortaleza, o eleitor tem acompanhado confrontos paralelos de &#8220;cabos eleitorais&#8221; importantes e que influenciam a disputa de votos. O governador Camilo Santana, que \u00e9 do PT, mas tem alian\u00e7a pol\u00edtica com a atual gest\u00e3o da Capital, que tem \u00e0 frente o prefeito Roberto Cl\u00e1udio (PDT), tem centrado fogo contra o candidato do Pros, Capit\u00e3o Wagner, que representa o bolsonarismo na corrida eleitoral em Fortaleza. O governador critica a postura de Wagner&hellip;<\/p>\n","protected":false},"author":1,"featured_media":18800,"comment_status":"open","ping_status":"open","sticky":false,"template":"","format":"standard","meta":{"footnotes":""},"categories":[1],"tags":[],"class_list":["post-18798","post","type-post","status-publish","format-standard","has-post-thumbnail","hentry","category-noticias"],"_links":{"self":[{"href":"https:\/\/blogdorogeriogomes.com.br\/noticias\/wp-json\/wp\/v2\/posts\/18798","targetHints":{"allow":["GET"]}}],"collection":[{"href":"https:\/\/blogdorogeriogomes.com.br\/noticias\/wp-json\/wp\/v2\/posts"}],"about":[{"href":"https:\/\/blogdorogeriogomes.com.br\/noticias\/wp-json\/wp\/v2\/types\/post"}],"author":[{"embeddable":true,"href":"https:\/\/blogdorogeriogomes.com.br\/noticias\/wp-json\/wp\/v2\/users\/1"}],"replies":[{"embeddable":true,"href":"https:\/\/blogdorogeriogomes.com.br\/noticias\/wp-json\/wp\/v2\/comments?post=18798"}],"version-history":[{"count":1,"href":"https:\/\/blogdorogeriogomes.com.br\/noticias\/wp-json\/wp\/v2\/posts\/18798\/revisions"}],"predecessor-version":[{"id":18801,"href":"https:\/\/blogdorogeriogomes.com.br\/noticias\/wp-json\/wp\/v2\/posts\/18798\/revisions\/18801"}],"wp:featuredmedia":[{"embeddable":true,"href":"https:\/\/blogdorogeriogomes.com.br\/noticias\/wp-json\/wp\/v2\/media\/18800"}],"wp:attachment":[{"href":"https:\/\/blogdorogeriogomes.com.br\/noticias\/wp-json\/wp\/v2\/media?parent=18798"}],"wp:term":[{"taxonomy":"category","embeddable":true,"href":"https:\/\/blogdorogeriogomes.com.br\/noticias\/wp-json\/wp\/v2\/categories?post=18798"},{"taxonomy":"post_tag","embeddable":true,"href":"https:\/\/blogdorogeriogomes.com.br\/noticias\/wp-json\/wp\/v2\/tags?post=18798"}],"curies":[{"name":"wp","href":"https:\/\/api.w.org\/{rel}","templated":true}]}}